{"id":122450,"date":"2007-12-15T02:24:20","date_gmt":"2007-12-15T02:24:20","guid":{"rendered":"http:\/\/diariodominicano.ddns.net\/?p=122450"},"modified":"2007-12-15T02:24:20","modified_gmt":"2007-12-15T02:24:20","slug":"aird-llama-a-no-dejarse-amedrentar-en-lucha-por-distribucion-de-cargas","status":"publish","type":"post","link":"https:\/\/diariodominicano.com\/?p=122450","title":{"rendered":"AIRD llama a no dejarse amedrentar en lucha por distribuci\u00f3n de cargas"},"content":{"rendered":"<p><body><\/p>\n<p align=\"justify\" class=\"titulogrande1\"><strong>AIRD llama a no dejarse amedrentar \u00a0en lucha por distribuci\u00f3n de cargas<\/strong><\/p>\n<p>&#13;<\/p>\n<p align=\"justify\" class=\"text1noticias\"><strong>Santo Domingo.- <\/strong>La Asociaci\u00f3n de  Industrias de la   Rep\u00fablica Dominicana consider\u00f3 fundamental que el  empresariado dominicano no se deje amedrentar por las pr\u00e1cticas que intentan  conducir al monopolio del transporte de carga desde y hacia los puertos  dominicanos.<\/p>\n<p>&#13;<\/p>\n<p align=\"justify\" class=\"text1noticias\"> Manuel Diez Cabral, presidente de la AIRD, dijo que \u201ces  inadmisible que un sindicato pretenda vulnerar la libertad de contrataci\u00f3n y  tr\u00e1nsito y crear obligaciones que perjudican la competitividad de las  industrias dominicanas. Creemos que es deber del Gobierno hacer respetar la  libertad de tr\u00e1nsito que establece nuestra constituci\u00f3n y es tambi\u00e9n su  obligaci\u00f3n fomentar la libertad de empresa como modo de impulsar el desarrollo sostenido  del pa\u00eds\u201d.<\/p>\n<p>&#13;<\/p>\n<p align=\"justify\" class=\"text1noticias\"> Diez Cabral hab\u00eda denunciado que exist\u00edan  pr\u00e1cticas de intimidaci\u00f3n por parte de FENATRADO lo cual se hace evidente a  partir de las \u00faltimas acciones de ese sindicato en la zona fronteriza y en  contra de una empresa establecida all\u00ed.<\/p>\n<p>&#13;<\/p>\n<p align=\"justify\"> <span class=\"text1noticias\">\u201cHemos saludado la promulgaci\u00f3n de la Ley de Competitividad e  Innovaci\u00f3n, lo cual constituye un respaldo del Gobierno a la necesidad del  sector industrial por constituirse en una fuerza exportadora en la regi\u00f3n. Sin  embargo, es necesario enfrentar pr\u00e1cticas como las que hemos se\u00f1alado que se  producen en los puertos y que conducen a hacernos menos competitivo, a colocar  en entredicho el clima de negocios existente en el pa\u00eds, basados como est\u00e1n en  el inter\u00e9s particular en contra del inter\u00e9s general\u201d, indic\u00f3.<\/span><\/p>\n<p>&#13;<\/p>\n<p align=\"justify\" class=\"text1noticias\"> Respald\u00f3 el llamado de las asociaciones  empresariales de Santiago (C\u00e1mara de Comercio y Producci\u00f3n de Santiago,  Asociaci\u00f3n de Comerciantes e Industriales de Santiago, Asociaci\u00f3n de Industrias  de la Regi\u00f3n Norte,  Asociaci\u00f3n para el Desarrollo Incorporado de Santiago y Asociaci\u00f3n de  Industrias de Zona Franca) en el sentido de que no puede permitirse que el  proceso de apertura del pa\u00eds se detenga en los puertos y aeropuertos nacionales  v\u00eda un esquema de contrataci\u00f3n que fortalece el monopolio.<\/p>\n<p>&#13;<\/p>\n<h6> 2007-12-15 02:24:20 <\/h6>\n<p><!--\n<link rel=\"stylesheet\" href=\"css\/bootstrap.min.css\">\n\n\n<ul class=\"pagination\">\n\t    \n\t\n\n<li >\n\t<a href='?page_no=28329'>Previous<\/a>\n\t<\/li>\n\n\n       \n    \n\n<li><a href='?page_no=1'>1<\/a><\/li>\n\n\n\n<li><a href='?page_no=2'>2<\/a><\/li>\n\n\n\n<li><a>...<\/a><\/li>\n\n\n\n<li><a href='?page_no=28328'>28328<\/a><\/li>\n\n\n\n<li><a href='?page_no=28329'>28329<\/a><\/li>\n\n\n\n<li class='active'><a>28330<\/a><\/li>\n\n\n\n<li><a href='?page_no=28331'>28331<\/a><\/li>\n\n\n\n<li><a href='?page_no=28332'>28332<\/a><\/li>\n\n\n\n<li><a>...<\/a><\/li>\n\n\n\n<li><a href='?page_no=30472'>30472<\/a><\/li>\n\n\n\n<li><a href='?page_no=30473'>30473<\/a><\/li>\n\n    \n\t\n\n<li >\n\t<a href='?page_no=28331'>Next<\/a>\n\t<\/li>\n\n\n    \n\n<li><a href='?page_no=30473'>Last &rsaquo;&rsaquo;<\/a><\/li>\n\n<\/ul>\n\n\n--><br \/>\n<\/body><\/p>\n","protected":false},"excerpt":{"rendered":"<p>AIRD llama a no dejarse amedrentar \u00a0en lucha por distribuci\u00f3n de cargas &#13; Santo Domingo.- La Asociaci\u00f3n de Industrias de la Rep\u00fablica Dominicana consider\u00f3 fundamental que el empresariado dominicano no se deje amedrentar por las pr\u00e1cticas que intentan conducir al monopolio del transporte de carga desde y hacia los puertos dominicanos. &#13; Manuel Diez Cabral, [&hellip;]<\/p>\n","protected":false},"author":3,"featured_media":0,"comment_status":"open","ping_status":"open","sticky":false,"template":"","format":"standard","meta":{"footnotes":""},"categories":[18],"tags":[],"class_list":["post-122450","post","type-post","status-publish","format-standard","hentry","category-economia"],"_links":{"self":[{"href":"https:\/\/diariodominicano.com\/index.php?rest_route=\/wp\/v2\/posts\/122450","targetHints":{"allow":["GET"]}}],"collection":[{"href":"https:\/\/diariodominicano.com\/index.php?rest_route=\/wp\/v2\/posts"}],"about":[{"href":"https:\/\/diariodominicano.com\/index.php?rest_route=\/wp\/v2\/types\/post"}],"author":[{"embeddable":true,"href":"https:\/\/diariodominicano.com\/index.php?rest_route=\/wp\/v2\/users\/3"}],"replies":[{"embeddable":true,"href":"https:\/\/diariodominicano.com\/index.php?rest_route=%2Fwp%2Fv2%2Fcomments&post=122450"}],"version-history":[{"count":0,"href":"https:\/\/diariodominicano.com\/index.php?rest_route=\/wp\/v2\/posts\/122450\/revisions"}],"wp:attachment":[{"href":"https:\/\/diariodominicano.com\/index.php?rest_route=%2Fwp%2Fv2%2Fmedia&parent=122450"}],"wp:term":[{"taxonomy":"category","embeddable":true,"href":"https:\/\/diariodominicano.com\/index.php?rest_route=%2Fwp%2Fv2%2Fcategories&post=122450"},{"taxonomy":"post_tag","embeddable":true,"href":"https:\/\/diariodominicano.com\/index.php?rest_route=%2Fwp%2Fv2%2Ftags&post=122450"}],"curies":[{"name":"wp","href":"https:\/\/api.w.org\/{rel}","templated":true}]}}