{"id":122448,"date":"2007-12-16T22:46:57","date_gmt":"2007-12-16T22:46:57","guid":{"rendered":"http:\/\/diariodominicano.ddns.net\/?p=122448"},"modified":"2007-12-16T22:46:57","modified_gmt":"2007-12-16T22:46:57","slug":"mas-de-10-mil-trabajan-en-la-recuperacion-de-la-agropecuaria","status":"publish","type":"post","link":"https:\/\/diariodominicano.com\/?p=122448","title":{"rendered":"M\u00e1s de 10 mil trabajan en la recuperaci\u00f3n de la agropecuaria"},"content":{"rendered":"<p><body><\/p>\n<p class=\"titulogrande1\">M\u00e1s de 10 mil trabajan\u00a0en la recuperaci\u00f3n de la  agropecuaria<\/p>\n<p>&#13;<\/p>\n<p align=\"justify\" class=\"text1noticias\"><strong><img loading=\"lazy\" decoding=\"async\" src=\"http:\/\/localhost:8080\/economia\/pictures\/chio y leonel.jpg\" width=\"269\" height=\"180\" hspace=\"4\" align=\"left\" \/>SANTO DOMINGO<\/strong>.- La   Secretar\u00eda de Agricultura inform\u00f3 que m\u00e1s 10 mil personas,  entre obreros, personal t\u00e9cnico y  administrativo trabajan en todo el pa\u00eds en el programa de apoyo a los  productores y recuperaci\u00f3n\u00a0 de\u00a0 la  agropecuaria.<\/p>\n<p>&#13;<\/p>\n<p align=\"justify\" class=\"text1noticias\">Indic\u00f3  que del personal,\u00a0 m\u00e1s de 7 mil son  obreros integrados en brigadas de diez o m\u00e1s hombres, que realizan labores en  el campo. Las restantes corresponden al\u00a0  personal t\u00e9cnico, administrativo y profesionales agropecuarios  integrados a la recuperaci\u00f3n.<\/p>\n<p>&#13;<\/p>\n<p align=\"justify\" class=\"text1noticias\">A\u00a0 las labores de rehabilitaci\u00f3n de la  agropecuaria, la cartera agr\u00edcola ha incorporado decenas de veh\u00edculos, entre  equipos pesados, maquinarias de labranza,\u00a0  palas mec\u00e1nicas,\u00a0  retroexcavadoras, buld\u00f3zers, camiones volteos, camiones cisternas,\u00a0 camionetas doble cabinas, entre otros.<\/p>\n<p>&#13;<\/p>\n<p align=\"justify\" class=\"text1noticias\">Sostuvo\u00a0 que el personal que labora en el programa de  asistencia de apoyo a\u00a0 los productores y  recuperaci\u00f3n de la agropecuaria est\u00e1 diseminado en las ocho Direcciones  Regionales de la cartera.<\/p>\n<p>&#13;<\/p>\n<p align=\"justify\" class=\"text1noticias\">Indic\u00f3  que en la Direcci\u00f3n   Regional Nordeste, con sede en San Francisco de Macor\u00eds, han  sido integradas 73 brigadas, unos 730 hombres, los cuales trabajan, junto al  personal t\u00e9cnico, en las labores de limpieza en las zonas afectadas por las m\u00e1s  recientes inundaciones, as\u00ed como en el\u00a0levantamiento de escombros y podando cacaotales.<\/p>\n<p>&#13;<\/p>\n<p align=\"justify\" class=\"text1noticias\">Inform\u00f3,  asimismo, que en La Vega\u00a0 han sido dispuestas unas 960 brigadas de diez  hombres cada una, que junto a 800 t\u00e9cnicos y personal administrativo, laboran en  el plan en Salcedo, Contanza, Jarabacoa, Villa Tapia, Bonao, y Maim\u00f3n.<\/p>\n<p>&#13;<\/p>\n<p align=\"justify\" class=\"text1noticias\">Dijo  que en la Direcci\u00f3n   Regional Sur, con asiento en\u00a0  Barahona, han sido integradas 160 brigadas que trabajan mayormente en  las labores de recuperaci\u00f3n de los platanales y en la reparaci\u00f3n y  acondicionamiento de caminos vecinales y de penetraci\u00f3n a las zonas  productoras.<br \/>&#13;<br \/>\n  <br \/>&#13;<br \/>\n  Jim\u00e9nez  inform\u00f3 que en la   Direcci\u00f3n Regional Suroeste, con asiento en San Juan de la Maguana, han sido  integradas 86 brigadas que junto al personal t\u00e9cnico administrativo trabajan  arduamente en las labores de auxilio a los productores, indica una nota\u00a0 del Departamento de Informaci\u00f3n y Relaciones  P\u00fablicas de Agricultura. <\/p>\n<p>&#13;<\/p>\n<p align=\"justify\" class=\"text1noticias\">Jim\u00e9nez  dispuso la asignaci\u00f3n entre las Direcciones Regionales, Departamentos T\u00e9cnicos  y Administrativos de la instituci\u00f3n, as\u00ed como asociaciones de productores y  parceleros de una flotilla de veh\u00edculos y equipos entregados recientemente por  el presidente Leonel Fern\u00e1ndez para reforzar el plan de apoyo a los productores  y recuperaci\u00f3n de la agropecuaria.<\/p>\n<p>&#13;<\/p>\n<p align=\"justify\" class=\"text1noticias\">El  presidente Fern\u00e1ndez \u00a0entreg\u00f3 al  secretario Jim\u00e9nez una flotilla de m\u00e1s de 100 veh\u00edculos para reforzar el plan  de apoyo a los productores y recuperaci\u00f3n de la agropecuaria, sector que fue  severamente impactado por las tormentas Noel y Olga.<\/p>\n<p>&#13;<\/p>\n<p align=\"justify\" class=\"text1noticias\">Durante  menos de dos meses Agricultura ha realizado actividades de fomento,  rehabilitaci\u00f3n y saneamiento a m\u00e1s de 3 millones tareas en las diferentes zonas  afectadas.<\/p>\n<p>&#13;<\/p>\n<p align=\"justify\" class=\"text1noticias\">Entre  los equipos de m\u00e1s reciente entrega figuran 30 camiones cama corta para ser  utilizados en el transporte de los rubros de los productores a los mercados,  principalmente a las plazas agropecuarias instaladas por la cartera en la  capital, provincia Santo Domingo, Santiago y otras ciudades.<\/p>\n<p>&#13;<\/p>\n<p align=\"justify\" class=\"text1noticias\">Igualmente,  fueron entregados 15 tractores nuevos, con sus rastras, para reforzar el plan  de roturaci\u00f3n de terrenos para desarrollar el programa nacional de siembra de  un mill\u00f3n 521 mil tareas de 25 cultivos de ciclo corto que impulsa Agricultura.<\/p>\n<p>&#13;<\/p>\n<p align=\"justify\" class=\"text1noticias\">Agricultura  compr\u00f3 25 motocultores que han sido asignados a los programas de ayuda a los  productores, principalmente a los  peque\u00f1os y medianos arroceros del sector  de la Reforma Agraria  que fueron afectados por las inundaciones, como es la ocurrida en el Bajo Yuna.<\/p>\n<p>&#13;<\/p>\n<p align=\"justify\" class=\"text1noticias\">El  organismo adquiri\u00f3 30 camionetas nuevas de trabajo para facilitar las labores  de asistencia t\u00e9cnica que la cartera ofrece a los productores, as\u00ed como para  las acciones de reforzamiento de la sanidad fito y zoosanitarias en todo el  pa\u00eds.<\/p>\n<p>&#13;<\/p>\n<p align=\"justify\" class=\"text1noticias\">Agricultura  tambi\u00e9n ofrece asistencia a los productores de todos los renglones con la  entrega gratuita de fertilizantes, fungicidas y herbicidas, as\u00ed como semillas y  otro material de siembra.<\/p>\n<p>&#13;<\/p>\n<h6> 2007-12-16 22:46:57 <\/h6>\n<p><!--\n<link rel=\"stylesheet\" href=\"css\/bootstrap.min.css\">\n\n\n<ul class=\"pagination\">\n\t    \n\t\n\n<li >\n\t<a href='?page_no=28327'>Previous<\/a>\n\t<\/li>\n\n\n       \n    \n\n<li><a href='?page_no=1'>1<\/a><\/li>\n\n\n\n<li><a href='?page_no=2'>2<\/a><\/li>\n\n\n\n<li><a>...<\/a><\/li>\n\n\n\n<li><a href='?page_no=28326'>28326<\/a><\/li>\n\n\n\n<li><a href='?page_no=28327'>28327<\/a><\/li>\n\n\n\n<li class='active'><a>28328<\/a><\/li>\n\n\n\n<li><a href='?page_no=28329'>28329<\/a><\/li>\n\n\n\n<li><a href='?page_no=28330'>28330<\/a><\/li>\n\n\n\n<li><a>...<\/a><\/li>\n\n\n\n<li><a href='?page_no=30472'>30472<\/a><\/li>\n\n\n\n<li><a href='?page_no=30473'>30473<\/a><\/li>\n\n    \n\t\n\n<li >\n\t<a href='?page_no=28329'>Next<\/a>\n\t<\/li>\n\n\n    \n\n<li><a href='?page_no=30473'>Last &rsaquo;&rsaquo;<\/a><\/li>\n\n<\/ul>\n\n\n--><br \/>\n<\/body><\/p>\n","protected":false},"excerpt":{"rendered":"<p>M\u00e1s de 10 mil trabajan\u00a0en la recuperaci\u00f3n de la agropecuaria &#13; SANTO DOMINGO.- La Secretar\u00eda de Agricultura inform\u00f3 que m\u00e1s 10 mil personas, entre obreros, personal t\u00e9cnico y administrativo trabajan en todo el pa\u00eds en el programa de apoyo a los productores y recuperaci\u00f3n\u00a0 de\u00a0 la agropecuaria. &#13; Indic\u00f3 que del personal,\u00a0 m\u00e1s de 7 [&hellip;]<\/p>\n","protected":false},"author":3,"featured_media":0,"comment_status":"open","ping_status":"open","sticky":false,"template":"","format":"standard","meta":{"footnotes":""},"categories":[18],"tags":[],"class_list":["post-122448","post","type-post","status-publish","format-standard","hentry","category-economia"],"_links":{"self":[{"href":"https:\/\/diariodominicano.com\/index.php?rest_route=\/wp\/v2\/posts\/122448","targetHints":{"allow":["GET"]}}],"collection":[{"href":"https:\/\/diariodominicano.com\/index.php?rest_route=\/wp\/v2\/posts"}],"about":[{"href":"https:\/\/diariodominicano.com\/index.php?rest_route=\/wp\/v2\/types\/post"}],"author":[{"embeddable":true,"href":"https:\/\/diariodominicano.com\/index.php?rest_route=\/wp\/v2\/users\/3"}],"replies":[{"embeddable":true,"href":"https:\/\/diariodominicano.com\/index.php?rest_route=%2Fwp%2Fv2%2Fcomments&post=122448"}],"version-history":[{"count":0,"href":"https:\/\/diariodominicano.com\/index.php?rest_route=\/wp\/v2\/posts\/122448\/revisions"}],"wp:attachment":[{"href":"https:\/\/diariodominicano.com\/index.php?rest_route=%2Fwp%2Fv2%2Fmedia&parent=122448"}],"wp:term":[{"taxonomy":"category","embeddable":true,"href":"https:\/\/diariodominicano.com\/index.php?rest_route=%2Fwp%2Fv2%2Fcategories&post=122448"},{"taxonomy":"post_tag","embeddable":true,"href":"https:\/\/diariodominicano.com\/index.php?rest_route=%2Fwp%2Fv2%2Ftags&post=122448"}],"curies":[{"name":"wp","href":"https:\/\/api.w.org\/{rel}","templated":true}]}}