{"id":122444,"date":"2007-12-18T04:20:31","date_gmt":"2007-12-18T04:20:31","guid":{"rendered":"http:\/\/diariodominicano.ddns.net\/?p=122444"},"modified":"2007-12-18T04:20:31","modified_gmt":"2007-12-18T04:20:31","slug":"greenpeace-tapia-el-consejo-de-la-ue-sobre-pesca-para-protestar-por-la-sobreexplotacion","status":"publish","type":"post","link":"https:\/\/diariodominicano.com\/?p=122444","title":{"rendered":"Greenpeace &#8216;tapia&#8217; el Consejo de la UE sobre pesca para protestar por la sobreexplotaci\u00f3n"},"content":{"rendered":"<p><body><\/p>\n<p align=\"justify\"><strong class=\"titulogrande1\">Greenpeace  &#8216;tapia&#8217; el Consejo de la UE  sobre pesca para protestar por la sobreexplotaci\u00f3n<\/strong><br \/>&#13;<br \/>\n  <br \/>&#13;<br \/>\n    <strong>Los ministros europeos  del ramo se reun\u00edan hoy en Bruselas para asignar las cuotas <\/strong><\/p>\n<p>&#13;<\/p>\n<p align=\"justify\" class=\"text1noticias\"><strong><img loading=\"lazy\" decoding=\"async\" src=\"http:\/\/localhost:8080\/economia\/pictures\/contra.jpg\" width=\"269\" height=\"108\" hspace=\"4\" align=\"left\" \/>BRUSELAS.- <\/strong>Varias decenas de la organizaci\u00f3n ecologista  Greenpeace han bloqueado hoy todos los accesos a la sede del Consejo de la UE, donde este lunes debe  empezar el Consejo de Agricultura y Pesca en el que los ministros europeos  repartir\u00e1n las posibilidades de pesca para el a\u00f1o que viene.<br \/>&#13;<br \/>\n  <br \/> &#13;<br \/>\n  <br \/>&#13;<br \/>\n  Reclaman el cierre  del edificio hasta que se recuperen las reservas pesqueras comunitarias,  esquilmadas por el reparto que hacen todos los a\u00f1os los Estados miembros.<br \/>&#13;<br \/>\n  <br \/>&#13;<br \/>\n  Tras un primer intento leve, el personal de seguridad del  Consejo no pudo evitar la protesta y alrededor de una hora despu\u00e9s de que  comenzara la acci\u00f3n, la polic\u00eda federal belga empez\u00f3 a detener a los  activistas. Mientas, cientos de funcionarios y personal del Consejo y  periodistas permanec\u00edan en el exterior del edificio, ante la imposibilidad de  acceder a \u00e9l.<br \/>&#13;<br \/>\n  <br \/>&#13;<br \/>\n  <strong>EUROPA PRESS<\/strong> &#8211; Bruselas &#8211; 17\/12\/2007 \/El Pa\u00eds<\/p>\n<p>&#13;<\/p>\n<h6> 2007-12-18 04:20:31 <\/h6>\n<p><!--\n<link rel=\"stylesheet\" href=\"css\/bootstrap.min.css\">\n\n\n<ul class=\"pagination\">\n\t    \n\t\n\n<li >\n\t<a href='?page_no=28323'>Previous<\/a>\n\t<\/li>\n\n\n       \n    \n\n<li><a href='?page_no=1'>1<\/a><\/li>\n\n\n\n<li><a href='?page_no=2'>2<\/a><\/li>\n\n\n\n<li><a>...<\/a><\/li>\n\n\n\n<li><a href='?page_no=28322'>28322<\/a><\/li>\n\n\n\n<li><a href='?page_no=28323'>28323<\/a><\/li>\n\n\n\n<li class='active'><a>28324<\/a><\/li>\n\n\n\n<li><a href='?page_no=28325'>28325<\/a><\/li>\n\n\n\n<li><a href='?page_no=28326'>28326<\/a><\/li>\n\n\n\n<li><a>...<\/a><\/li>\n\n\n\n<li><a href='?page_no=30472'>30472<\/a><\/li>\n\n\n\n<li><a href='?page_no=30473'>30473<\/a><\/li>\n\n    \n\t\n\n<li >\n\t<a href='?page_no=28325'>Next<\/a>\n\t<\/li>\n\n\n    \n\n<li><a href='?page_no=30473'>Last &rsaquo;&rsaquo;<\/a><\/li>\n\n<\/ul>\n\n\n--><br \/>\n<\/body><\/p>\n","protected":false},"excerpt":{"rendered":"<p>Greenpeace &#8216;tapia&#8217; el Consejo de la UE sobre pesca para protestar por la sobreexplotaci\u00f3n&#13; &#13; Los ministros europeos del ramo se reun\u00edan hoy en Bruselas para asignar las cuotas &#13; BRUSELAS.- Varias decenas de la organizaci\u00f3n ecologista Greenpeace han bloqueado hoy todos los accesos a la sede del Consejo de la UE, donde este lunes [&hellip;]<\/p>\n","protected":false},"author":3,"featured_media":0,"comment_status":"open","ping_status":"open","sticky":false,"template":"","format":"standard","meta":{"footnotes":""},"categories":[18],"tags":[],"class_list":["post-122444","post","type-post","status-publish","format-standard","hentry","category-economia"],"_links":{"self":[{"href":"https:\/\/diariodominicano.com\/index.php?rest_route=\/wp\/v2\/posts\/122444","targetHints":{"allow":["GET"]}}],"collection":[{"href":"https:\/\/diariodominicano.com\/index.php?rest_route=\/wp\/v2\/posts"}],"about":[{"href":"https:\/\/diariodominicano.com\/index.php?rest_route=\/wp\/v2\/types\/post"}],"author":[{"embeddable":true,"href":"https:\/\/diariodominicano.com\/index.php?rest_route=\/wp\/v2\/users\/3"}],"replies":[{"embeddable":true,"href":"https:\/\/diariodominicano.com\/index.php?rest_route=%2Fwp%2Fv2%2Fcomments&post=122444"}],"version-history":[{"count":0,"href":"https:\/\/diariodominicano.com\/index.php?rest_route=\/wp\/v2\/posts\/122444\/revisions"}],"wp:attachment":[{"href":"https:\/\/diariodominicano.com\/index.php?rest_route=%2Fwp%2Fv2%2Fmedia&parent=122444"}],"wp:term":[{"taxonomy":"category","embeddable":true,"href":"https:\/\/diariodominicano.com\/index.php?rest_route=%2Fwp%2Fv2%2Fcategories&post=122444"},{"taxonomy":"post_tag","embeddable":true,"href":"https:\/\/diariodominicano.com\/index.php?rest_route=%2Fwp%2Fv2%2Ftags&post=122444"}],"curies":[{"name":"wp","href":"https:\/\/api.w.org\/{rel}","templated":true}]}}