{"id":122443,"date":"2007-12-19T02:23:10","date_gmt":"2007-12-19T02:23:10","guid":{"rendered":"http:\/\/diariodominicano.ddns.net\/?p=122443"},"modified":"2007-12-19T02:23:10","modified_gmt":"2007-12-19T02:23:10","slug":"la-onu-alerta-de-la-falta-de-alimentos-para-los-proximos-anos-en-todo-el-mundo","status":"publish","type":"post","link":"https:\/\/diariodominicano.com\/?p=122443","title":{"rendered":"La ONU alerta de la falta de alimentos para los pr\u00f3ximos a\u00f1os en todo el mundo"},"content":{"rendered":"<p><body><\/p>\n<h1 align=\"justify\" class=\"titulogrande1\">La ONU alerta de la falta de alimentos para los pr\u00f3ximos a\u00f1os en todo el   mundo<\/h1>\n<p>&#13;<\/p>\n<p align=\"justify\"><strong>La subida de los precios y el descenso de las reservas alimentarias causan una   crisis \u00abimprevisible\u00bb<\/strong><\/p>\n<p>&#13;<\/p>\n<p><strong>ELPAIS.com &#8211; Madrid &#8211; 18\/12\/2007 <\/strong><\/p>\n<p>&#13;<\/p>\n<p align=\"justify\" class=\"text1noticias\"><img loading=\"lazy\" decoding=\"async\" src=\"http:\/\/localhost:8080\/economia\/pictures\/onu alimentos.jpg\" width=\"269\" height=\"198\" hspace=\"4\" align=\"left\" \/>Faltan alimentos y cada vez son m\u00e1s caros. As\u00ed lo confirma el \u00faltimo informe   de la Organizaci\u00f3n de Naciones Unidas para la Agricultura y la Alimentaci\u00f3n   (FAO) que alerta de la situaci\u00f3n \u201cimprevisible y muy preocupante\u201d a la que tiene   que hacer frente el mundo en los pr\u00f3ximos a\u00f1os. <br \/>&#13;<br \/>\n  <br \/>&#13;<br \/>\nSeg\u00fan el estudio Perspectivas   Alimentarias, la cantidad de alimentos en el planeta est\u00e1 descendiendo   r\u00e1pidamente, mientras que los precios de los productos crecen hasta niveles   hist\u00f3ricos.<\/p>\n<p>&#13;<\/p>\n<p align=\"justify\">&#13;<br \/>\n  <span class=\"text1noticias\">&#13;<br \/>\n  <!-- google_ad_section_end() -->&#13;<br \/>\n  <!-- ***** Fin de Entradilla ***** -->&#13;<br \/>\n  <!-- ***** Info complementaria ***** -->&#13;<br \/>\nLa agencia de la ONU se\u00f1ala que la desproporci\u00f3n que se produce entre el   acceso a los alimentos y el coste de los mismos puede causar un colapso   alimenticio a nivel mundial. Y lo hace con datos concluyentes. Descienden las   reservas de cereales un 11%, el nivel m\u00e1s bajo desde 1980, mientras el precio   medio de los alimentos crece un 40%, frente al 9% de hace un a\u00f1o.<\/span><\/p>\n<p>&#13;<\/p>\n<p align=\"justify\" class=\"text1noticias\">Las cifras perjudican a todos los pa\u00edses pero muy especialmente afectan a los   pa\u00edses m\u00e1s necesitados del planeta, que vieron como el coste de los alimentos   importados para ellos subi\u00f3 un 25% en el \u00faltimo a\u00f1o. En este sentido, el   transporte del aceite ha doblado su coste, lo que intensifica la presi\u00f3n sobre   una poblaci\u00f3n que vive de alimentos importados y productos de primera   necesidad.<\/p>\n<p>&#13;<\/p>\n<p align=\"justify\" class=\"text1noticias\">\u201cTenemos que hacer frente al hambre mundial que se avecina\u201d, ha dicho Josette   Sheeran, director del programa mundial de alimentos de la ONU. \u201cLo m\u00e1s   importante para nosotros es saber cu\u00e1nto tiempo afectar\u00e1 esta situaci\u00f3n, que   puede perjudicar a los m\u00e1s necesitados durante d\u00e9cadas\u201d, ha a\u00f1adido Sheeran.<\/p>\n<p>&#13;<\/p>\n<p align=\"justify\" class=\"text1noticias\"><strong>Efectos distintos <\/strong><\/p>\n<p>&#13;<\/p>\n<p align=\"justify\" class=\"text1noticias\">Seg\u00fan el informe, los pa\u00edses desarrollados tendr\u00e1n capacidad para adaptarse a   los efectos de la carest\u00eda de comida y el incremento del precio de los   productos, gracias a su capacidad econ\u00f3mica y tecnol\u00f3gica, pero no suceder\u00e1   igual con los pa\u00edses en v\u00edas de desarrollo. En este cupo de estados vulnerables   a los problemas alimenticios hay un grupo que la ONU ya ha se\u00f1alado en rojo por   sus problemas acuciantes para afrontar esta crisis. Este conjunto est\u00e1 formado   por 37 pa\u00edses entre los que se encuentran 20 africanos, nueve asi\u00e1ticos, seis   latinoamericanos y dos europeos.<\/p>\n<p>&#13;<\/p>\n<p align=\"justify\" class=\"text1noticias\">Los expertos de la ONU indican que en estos estados la seguridad alimentaria   se ve afectada negativamente por subidas sin precedentes del precio de los   alimentos b\u00e1sicos, originadas por unas reservas hist\u00f3ricamente bajas, sequ\u00edas e   inundaciones relacionadas con el cambio clim\u00e1tico, los altos precios del   petr\u00f3leo y una creciente demanda de biocombustibles. Y recuerdan, entre otras   cosas, que los elevados precios internacionales de los cereales ya han desatado   disturbios alimentarios en varios pa\u00edses.<\/p>\n<p>&#13;<\/p>\n<p align=\"justify\" class=\"text1noticias\">Por eso, la FAO pide actuar con medidas urgentes. Una de ellas es la de   proporcionar a los agricultores pobres unos cupones especiales para comprar a   bajo coste semillas, abono y otro tipo de fertilizantes con los que incrementar   la producci\u00f3n local de cultivos b\u00e1sicos. El objetivo es disminuir la inminente   amenaza de malnutrici\u00f3n que planea sobre millones de personas de los llamados   Pa\u00edses de Bajos Ingresos y con D\u00e9ficit de Alimentos (PBIDA). El ejemplo a seguir   en este sentido es Malawi, que aument\u00f3 su producci\u00f3n mediante el suministro de   estos cupones.<\/p>\n<p>&#13;<\/p>\n<p align=\"justify\" class=\"text1noticias\">Sin embargo, tal y como ha reconocido el Director General de la FAO, Jaques   Diouf, la mejor manera de disminuir la presi\u00f3n sobre los pa\u00edses pobres es   financiando la importaci\u00f3n de alimentos.<\/p>\n<p>&#13;<\/p>\n<p align=\"justify\">\u00a0 <\/p>\n<p>&#13;<\/p>\n<h6> 2007-12-19 02:23:10 <\/h6>\n<p><!--\n<link rel=\"stylesheet\" href=\"css\/bootstrap.min.css\">\n\n\n<ul class=\"pagination\">\n\t    \n\t\n\n<li >\n\t<a href='?page_no=28322'>Previous<\/a>\n\t<\/li>\n\n\n       \n    \n\n<li><a href='?page_no=1'>1<\/a><\/li>\n\n\n\n<li><a href='?page_no=2'>2<\/a><\/li>\n\n\n\n<li><a>...<\/a><\/li>\n\n\n\n<li><a href='?page_no=28321'>28321<\/a><\/li>\n\n\n\n<li><a href='?page_no=28322'>28322<\/a><\/li>\n\n\n\n<li class='active'><a>28323<\/a><\/li>\n\n\n\n<li><a href='?page_no=28324'>28324<\/a><\/li>\n\n\n\n<li><a href='?page_no=28325'>28325<\/a><\/li>\n\n\n\n<li><a>...<\/a><\/li>\n\n\n\n<li><a href='?page_no=30472'>30472<\/a><\/li>\n\n\n\n<li><a href='?page_no=30473'>30473<\/a><\/li>\n\n    \n\t\n\n<li >\n\t<a href='?page_no=28324'>Next<\/a>\n\t<\/li>\n\n\n    \n\n<li><a href='?page_no=30473'>Last &rsaquo;&rsaquo;<\/a><\/li>\n\n<\/ul>\n\n\n--><br \/>\n<\/body><\/p>\n","protected":false},"excerpt":{"rendered":"<p>La ONU alerta de la falta de alimentos para los pr\u00f3ximos a\u00f1os en todo el mundo &#13; La subida de los precios y el descenso de las reservas alimentarias causan una crisis \u00abimprevisible\u00bb &#13; ELPAIS.com &#8211; Madrid &#8211; 18\/12\/2007 &#13; Faltan alimentos y cada vez son m\u00e1s caros. As\u00ed lo confirma el \u00faltimo informe de [&hellip;]<\/p>\n","protected":false},"author":3,"featured_media":0,"comment_status":"open","ping_status":"open","sticky":false,"template":"","format":"standard","meta":{"footnotes":""},"categories":[18],"tags":[],"class_list":["post-122443","post","type-post","status-publish","format-standard","hentry","category-economia"],"_links":{"self":[{"href":"https:\/\/diariodominicano.com\/index.php?rest_route=\/wp\/v2\/posts\/122443","targetHints":{"allow":["GET"]}}],"collection":[{"href":"https:\/\/diariodominicano.com\/index.php?rest_route=\/wp\/v2\/posts"}],"about":[{"href":"https:\/\/diariodominicano.com\/index.php?rest_route=\/wp\/v2\/types\/post"}],"author":[{"embeddable":true,"href":"https:\/\/diariodominicano.com\/index.php?rest_route=\/wp\/v2\/users\/3"}],"replies":[{"embeddable":true,"href":"https:\/\/diariodominicano.com\/index.php?rest_route=%2Fwp%2Fv2%2Fcomments&post=122443"}],"version-history":[{"count":0,"href":"https:\/\/diariodominicano.com\/index.php?rest_route=\/wp\/v2\/posts\/122443\/revisions"}],"wp:attachment":[{"href":"https:\/\/diariodominicano.com\/index.php?rest_route=%2Fwp%2Fv2%2Fmedia&parent=122443"}],"wp:term":[{"taxonomy":"category","embeddable":true,"href":"https:\/\/diariodominicano.com\/index.php?rest_route=%2Fwp%2Fv2%2Fcategories&post=122443"},{"taxonomy":"post_tag","embeddable":true,"href":"https:\/\/diariodominicano.com\/index.php?rest_route=%2Fwp%2Fv2%2Ftags&post=122443"}],"curies":[{"name":"wp","href":"https:\/\/api.w.org\/{rel}","templated":true}]}}