{"id":122442,"date":"2007-12-19T02:28:46","date_gmt":"2007-12-19T02:28:46","guid":{"rendered":"http:\/\/diariodominicano.ddns.net\/?p=122442"},"modified":"2007-12-19T02:28:46","modified_gmt":"2007-12-19T02:28:46","slug":"productor-de-banano-linea-noroeste-destaca-apoyo-del-gobierno-al-agro","status":"publish","type":"post","link":"https:\/\/diariodominicano.com\/?p=122442","title":{"rendered":"Productor de banano L\u00ednea Noroeste destaca apoyo del Gobierno al agro"},"content":{"rendered":"<p><body><\/p>\n<p align=\"justify\" class=\"titulogrande1\"><strong>Productor de  banano L\u00ednea\u00a0Noroeste destaca apoyo del Gobierno al agro<\/strong><\/p>\n<p>&#13;<\/p>\n<p align=\"justify\" class=\"text1noticias\"><strong>Santo Domingo.-<\/strong> El se\u00f1or Jos\u00e9 Chelo  Gaspar,\u00a0productor de banano de la L\u00ednea Noroeste,  destac\u00f3 el apoyo del presidente Leonel Fern\u00e1ndez al sector del agro en el pa\u00eds.<br \/>&#13;<br \/>\n  <br \/>&#13;<br \/>\n  Chelo Gaspar inform\u00f3 que el jefe de Estado dispuso  unos 400 millones de pesos para recuperar y aumentar la producci\u00f3n de banano,  que se ha visto afectada por tornados e inundaciones\u00a0a ra\u00edz del  paso\u00a0de la tormenta Olga.<br \/>&#13;<br \/>\n  <br \/>&#13;<br \/>\n\u201cLa recuperaci\u00f3n del sector bananero va a depender del  esfuerzo realizado por el presidente Leonel Fern\u00e1ndez, quien en el Consejo de  Gobierno en Santiago anunci\u00f3\u00a0los 400 millones de pesos para el sector, que  en cuesti\u00f3n de tiempo requiere\u00a0de seis a siete meses para recuperarse\u201d,  explic\u00f3.\u00a0\u00a0\u00a0<br \/>&#13;<br \/>\n<br \/>&#13;<br \/>\nSe\u00f1al\u00f3 que producci\u00f3n de banano ha bajado en m\u00e1s de un  50% debido a la situaci\u00f3n creada por\u00a0los fen\u00f3menos naturales que han  azotado\u00a0al pa\u00eds en los \u00faltimos meses.<br \/>&#13;<br \/>\n<br \/>&#13;<br \/>\nIndic\u00f3 que de 160\u00a0mil cajas semanales que  produc\u00edan para la exportaci\u00f3n hacia Europa antes del paso de Olga han pasado\u00a0a  unas 80 cajas, es decir,\u00a0el 50% de la producci\u00f3n. Sostuvo que con el apoyo  del Gobierno se prev\u00e9 su total\u00a0recuperacion en seis o siete meses.<br \/>&#13;<br \/>\n<br \/>&#13;<br \/>\nEl productor de banano ofreci\u00f3 la informaci\u00f3n  posterior a una rueda de prensa realizada por el canciller de la Rep\u00fablica, Carlos  Morales Troncoso, en el sal\u00f3n Orlando Mart\u00ednez, Palacio Nacional.<\/p>\n<p>&#13;<\/p>\n<h6> 2007-12-19 02:28:46 <\/h6>\n<p><!--\n<link rel=\"stylesheet\" href=\"css\/bootstrap.min.css\">\n\n\n<ul class=\"pagination\">\n\t    \n\t\n\n<li >\n\t<a href='?page_no=28321'>Previous<\/a>\n\t<\/li>\n\n\n       \n    \n\n<li><a href='?page_no=1'>1<\/a><\/li>\n\n\n\n<li><a href='?page_no=2'>2<\/a><\/li>\n\n\n\n<li><a>...<\/a><\/li>\n\n\n\n<li><a href='?page_no=28320'>28320<\/a><\/li>\n\n\n\n<li><a href='?page_no=28321'>28321<\/a><\/li>\n\n\n\n<li class='active'><a>28322<\/a><\/li>\n\n\n\n<li><a href='?page_no=28323'>28323<\/a><\/li>\n\n\n\n<li><a href='?page_no=28324'>28324<\/a><\/li>\n\n\n\n<li><a>...<\/a><\/li>\n\n\n\n<li><a href='?page_no=30472'>30472<\/a><\/li>\n\n\n\n<li><a href='?page_no=30473'>30473<\/a><\/li>\n\n    \n\t\n\n<li >\n\t<a href='?page_no=28323'>Next<\/a>\n\t<\/li>\n\n\n    \n\n<li><a href='?page_no=30473'>Last &rsaquo;&rsaquo;<\/a><\/li>\n\n<\/ul>\n\n\n--><br \/>\n<\/body><\/p>\n","protected":false},"excerpt":{"rendered":"<p>Productor de banano L\u00ednea\u00a0Noroeste destaca apoyo del Gobierno al agro &#13; Santo Domingo.- El se\u00f1or Jos\u00e9 Chelo Gaspar,\u00a0productor de banano de la L\u00ednea Noroeste, destac\u00f3 el apoyo del presidente Leonel Fern\u00e1ndez al sector del agro en el pa\u00eds.&#13; &#13; Chelo Gaspar inform\u00f3 que el jefe de Estado dispuso unos 400 millones de pesos para recuperar [&hellip;]<\/p>\n","protected":false},"author":3,"featured_media":0,"comment_status":"open","ping_status":"open","sticky":false,"template":"","format":"standard","meta":{"footnotes":""},"categories":[18],"tags":[],"class_list":["post-122442","post","type-post","status-publish","format-standard","hentry","category-economia"],"_links":{"self":[{"href":"https:\/\/diariodominicano.com\/index.php?rest_route=\/wp\/v2\/posts\/122442","targetHints":{"allow":["GET"]}}],"collection":[{"href":"https:\/\/diariodominicano.com\/index.php?rest_route=\/wp\/v2\/posts"}],"about":[{"href":"https:\/\/diariodominicano.com\/index.php?rest_route=\/wp\/v2\/types\/post"}],"author":[{"embeddable":true,"href":"https:\/\/diariodominicano.com\/index.php?rest_route=\/wp\/v2\/users\/3"}],"replies":[{"embeddable":true,"href":"https:\/\/diariodominicano.com\/index.php?rest_route=%2Fwp%2Fv2%2Fcomments&post=122442"}],"version-history":[{"count":0,"href":"https:\/\/diariodominicano.com\/index.php?rest_route=\/wp\/v2\/posts\/122442\/revisions"}],"wp:attachment":[{"href":"https:\/\/diariodominicano.com\/index.php?rest_route=%2Fwp%2Fv2%2Fmedia&parent=122442"}],"wp:term":[{"taxonomy":"category","embeddable":true,"href":"https:\/\/diariodominicano.com\/index.php?rest_route=%2Fwp%2Fv2%2Fcategories&post=122442"},{"taxonomy":"post_tag","embeddable":true,"href":"https:\/\/diariodominicano.com\/index.php?rest_route=%2Fwp%2Fv2%2Ftags&post=122442"}],"curies":[{"name":"wp","href":"https:\/\/api.w.org\/{rel}","templated":true}]}}