{"id":122439,"date":"2007-12-20T15:36:23","date_gmt":"2007-12-20T15:36:23","guid":{"rendered":"http:\/\/diariodominicano.ddns.net\/?p=122439"},"modified":"2007-12-20T15:36:23","modified_gmt":"2007-12-20T15:36:23","slug":"adozona-considera-exitosa-la-conclusion-del-acuerdo-con-europa","status":"publish","type":"post","link":"https:\/\/diariodominicano.com\/?p=122439","title":{"rendered":"ADOZONA considera exitosa la conclusi\u00f3n del acuerdo con Europa"},"content":{"rendered":"<p><body><\/p>\n<p class=\"titulogrande1\"><strong>ADOZONA considera  exitosa la conclusi\u00f3n del acuerdo con Europa <\/strong><\/p>\n<p>&#13;<\/p>\n<p align=\"justify\" class=\"text1noticias\"><strong><img loading=\"lazy\" decoding=\"async\" src=\"http:\/\/localhost:8080\/economia\/pictures\/adozona 1.jpg\" width=\"269\" height=\"585\" hspace=\"4\" align=\"left\" \/>SANTO DOMINGO.-<\/strong> El presidente de la Asociaci\u00f3n Dominicana  de Zonas Francas (ADOZONA), Fernando Capell\u00e1n expres\u00f3 este jueves su  reconocimiento a la labor desempe\u00f1ada por la Comisi\u00f3n Nacional  de Negociaciones Comerciales (CNNC) que preside la Secretar\u00eda de Estado de  Relaciones Exteriores, que posibilit\u00f3 la exitosa conclusi\u00f3n del Acuerdo de  Asociaci\u00f3n Econ\u00f3mica con la   Uni\u00f3n Europea.<\/p>\n<p>&#13;<\/p>\n<p align=\"justify\" class=\"text1noticias\">Capell\u00e1n, dijo que el acuerdo abre las puertas de Europa  a todos los productos de zonas francas, los cuales podr\u00e1n ser ingresar a ese  mercado libre del pago de aranceles. <\/p>\n<p>&#13;<\/p>\n<p align=\"justify\" class=\"text1noticias\">Destac\u00f3 que esto permitir\u00e1 diversificar el mercado de  exportaci\u00f3n de los productos elaborados en zonas francas, los cuales en m\u00e1s del  90 por ciento son embarcados hacia los Estados Unidos.<\/p>\n<p>&#13;<\/p>\n<p align=\"justify\" class=\"text1noticias\">Resalt\u00f3 el caso de los textiles y calzado, y el hecho de  que para estos productos el equipo negociador dominicano logr\u00f3 acordar reglas  de origen m\u00e1s flexibles que en el DR-CAFTA, lo cual har\u00e1 m\u00e1s competitiva la producci\u00f3n  hacia el mercado europeo. <\/p>\n<p>&#13;<\/p>\n<p align=\"justify\" class=\"text1noticias\">\u201cADOZONA destac\u00f3 la labor desempe\u00f1ada por el CNNC,  presidido por el Canciller de la   Rep\u00fablica, logrando una trascendental apertura comercial y a  su vez protegiendo sectores productivos nacionales considerados sensibles, con  plazos prolongados de desgravaci\u00f3n\u201d, expres\u00f3 Capellan.<\/p>\n<p>&#13;<\/p>\n<p align=\"justify\" class=\"text1noticias\">Explic\u00f3 que con sus 27  pa\u00edses, la Uni\u00f3n Europea  cuenta con una poblaci\u00f3n de 480 millones de personas y una econom\u00eda de 9,000 millones  de Euros.\u00a0 <\/p>\n<p>&#13;<\/p>\n<p align=\"justify\" class=\"text1noticias\">\u201cRepresenta el segundo  mercado de importancia para las exportaciones dominicanas y es nuestra  principal fuente de inversi\u00f3n extranjera directa y de cooperaci\u00f3n para el  desarrollo\u201d, asegur\u00f3 el presidente de ADOZONA.<\/p>\n<p>&#13;<\/p>\n<p align=\"justify\" class=\"text1noticias\">Puntualiz\u00f3 que ADOZONA  representa un sector integrado por 58 parques industriales y 600 empresas que  exportan anualmente m\u00e1s de 4,400 millones de d\u00f3lares, y generan empleos de  manera directa a 135,000 dominicanos.<\/p>\n<p>&#13;<\/p>\n<h6> 2007-12-20 15:36:23 <\/h6>\n<p><!--\n<link rel=\"stylesheet\" href=\"css\/bootstrap.min.css\">\n\n\n<ul class=\"pagination\">\n\t    \n\t\n\n<li >\n\t<a href='?page_no=28318'>Previous<\/a>\n\t<\/li>\n\n\n       \n    \n\n<li><a href='?page_no=1'>1<\/a><\/li>\n\n\n\n<li><a href='?page_no=2'>2<\/a><\/li>\n\n\n\n<li><a>...<\/a><\/li>\n\n\n\n<li><a href='?page_no=28317'>28317<\/a><\/li>\n\n\n\n<li><a href='?page_no=28318'>28318<\/a><\/li>\n\n\n\n<li class='active'><a>28319<\/a><\/li>\n\n\n\n<li><a href='?page_no=28320'>28320<\/a><\/li>\n\n\n\n<li><a href='?page_no=28321'>28321<\/a><\/li>\n\n\n\n<li><a>...<\/a><\/li>\n\n\n\n<li><a href='?page_no=30472'>30472<\/a><\/li>\n\n\n\n<li><a href='?page_no=30473'>30473<\/a><\/li>\n\n    \n\t\n\n<li >\n\t<a href='?page_no=28320'>Next<\/a>\n\t<\/li>\n\n\n    \n\n<li><a href='?page_no=30473'>Last &rsaquo;&rsaquo;<\/a><\/li>\n\n<\/ul>\n\n\n--><br \/>\n<\/body><\/p>\n","protected":false},"excerpt":{"rendered":"<p>ADOZONA considera exitosa la conclusi\u00f3n del acuerdo con Europa &#13; SANTO DOMINGO.- El presidente de la Asociaci\u00f3n Dominicana de Zonas Francas (ADOZONA), Fernando Capell\u00e1n expres\u00f3 este jueves su reconocimiento a la labor desempe\u00f1ada por la Comisi\u00f3n Nacional de Negociaciones Comerciales (CNNC) que preside la Secretar\u00eda de Estado de Relaciones Exteriores, que posibilit\u00f3 la exitosa conclusi\u00f3n [&hellip;]<\/p>\n","protected":false},"author":3,"featured_media":0,"comment_status":"open","ping_status":"open","sticky":false,"template":"","format":"standard","meta":{"footnotes":""},"categories":[18],"tags":[],"class_list":["post-122439","post","type-post","status-publish","format-standard","hentry","category-economia"],"_links":{"self":[{"href":"https:\/\/diariodominicano.com\/index.php?rest_route=\/wp\/v2\/posts\/122439","targetHints":{"allow":["GET"]}}],"collection":[{"href":"https:\/\/diariodominicano.com\/index.php?rest_route=\/wp\/v2\/posts"}],"about":[{"href":"https:\/\/diariodominicano.com\/index.php?rest_route=\/wp\/v2\/types\/post"}],"author":[{"embeddable":true,"href":"https:\/\/diariodominicano.com\/index.php?rest_route=\/wp\/v2\/users\/3"}],"replies":[{"embeddable":true,"href":"https:\/\/diariodominicano.com\/index.php?rest_route=%2Fwp%2Fv2%2Fcomments&post=122439"}],"version-history":[{"count":0,"href":"https:\/\/diariodominicano.com\/index.php?rest_route=\/wp\/v2\/posts\/122439\/revisions"}],"wp:attachment":[{"href":"https:\/\/diariodominicano.com\/index.php?rest_route=%2Fwp%2Fv2%2Fmedia&parent=122439"}],"wp:term":[{"taxonomy":"category","embeddable":true,"href":"https:\/\/diariodominicano.com\/index.php?rest_route=%2Fwp%2Fv2%2Fcategories&post=122439"},{"taxonomy":"post_tag","embeddable":true,"href":"https:\/\/diariodominicano.com\/index.php?rest_route=%2Fwp%2Fv2%2Ftags&post=122439"}],"curies":[{"name":"wp","href":"https:\/\/api.w.org\/{rel}","templated":true}]}}