{"id":122438,"date":"2007-12-20T20:41:56","date_gmt":"2007-12-20T20:41:56","guid":{"rendered":"http:\/\/diariodominicano.ddns.net\/?p=122438"},"modified":"2007-12-20T20:41:56","modified_gmt":"2007-12-20T20:41:56","slug":"director-del-iad-proclama-presidente-fernandez-muestra-preocupacion-por-pequenos-productores","status":"publish","type":"post","link":"https:\/\/diariodominicano.com\/?p=122438","title":{"rendered":"Director del IAD proclama presidente Fern\u00e1ndez muestra preocupaci\u00f3n por peque\u00f1os productores"},"content":{"rendered":"<p><body><\/p>\n<p align=\"justify\" class=\"titulogrande1\"><strong>Director  del IAD proclama presidente Fern\u00e1ndez muestra preocupaci\u00f3n por peque\u00f1os  productores <\/strong><\/p>\n<p>&#13;<\/p>\n<p align=\"justify\" class=\"text1noticias\"><strong><img loading=\"lazy\" decoding=\"async\" src=\"http:\/\/localhost:8080\/economia\/pictures\/quilvio cabrera.jpg\" width=\"269\" height=\"355\" hspace=\"4\" align=\"left\" \/>SANTO DOMINGO.-<\/strong> El director del Instituto  Agrario Dominicano (IAD), Quilvio Cabrera proclam\u00f3 este jueves que el  Presidente Leonel Fern\u00e1ndez muestra su preocupaci\u00f3n por los peque\u00f1os  productores cuando instruye la preparaci\u00f3n gratuita de tierra a los  propietarios de menos de 50 tareas. <\/p>\n<p>&#13;<\/p>\n<p align=\"justify\" class=\"text1noticias\">Cabrera asegur\u00f3, que el pueblo dominicano  no sufrir\u00e1 ning\u00fan tipo de escasez de productos agropecuarios, ya que desde la  gesti\u00f3n gubernamental pelede\u00edsta se ha dado todo el apoyo necesario. <\/p>\n<p>&#13;<\/p>\n<p align=\"justify\" class=\"text1noticias\">\u00abPara que los productores se  levanten, y desde ya est\u00e9n sembrando sus tierras y produciendo de nuevo\u00bb,  especific\u00f3 el dirigente del PLD y funcionario p\u00fablico. <\/p>\n<p>&#13;<\/p>\n<p align=\"justify\" class=\"text1noticias\">Cabrera manifest\u00f3 que el IAD y la Secretaria de  Agricultura est\u00e1n cubriendo el alquiler de los tractores en aquellos lugares  donde la maquinaria oficial sea insuficiente, as\u00ed como el gasoil y las  semillas. <\/p>\n<p>&#13;<\/p>\n<p align=\"justify\" class=\"text1noticias\">\u00abA todo el que tenga de 50 tareas  para abajo le estamos arando gratis, poniendo el gasoil, se le est\u00e1 dando el  abono, la semilla. Hay todo un programa agresivo\u00bb,  coment\u00f3 Cabrera citado en una nota de la Secretar\u00eda de Comunicaciones del PLD.<\/p>\n<p>&#13;<\/p>\n<p align=\"justify\" class=\"text1noticias\">Adelant\u00f3 que este jueves el IAD y la Secretaria de  Agricultura entregar\u00e1n m\u00e1s de 40 motocultores para los productores de arroz de  la zona del Lim\u00f3n del Yuna. <\/p>\n<p>&#13;<\/p>\n<p align=\"justify\" class=\"text1noticias\">Comunic\u00f3 el dirigente y funcionario  pelede\u00edsta que el Presidente Fern\u00e1ndez tambi\u00e9n instruy\u00f3 para que se comprara  arroz suficiente a los productores de manera directa, para ser vendido a bajo  precio a la poblaci\u00f3n, a trav\u00e9s de las Plazas Agropecuarias de Agricultura. <\/p>\n<p>&#13;<\/p>\n<p align=\"justify\" class=\"text1noticias\">Cabrera precis\u00f3 que el gobierno entregar\u00e1  m\u00e1s de cinco mil quintales de semillas a los arroceros, as\u00ed como las  facilidades de pr\u00e9stamo a un seis por ciento anual.<\/p>\n<p>&#13;<\/p>\n<p align=\"justify\" class=\"text1noticias\">\u00abEs una actividad febril que hay en  el sector arrocero, inmediatamente el rio baja, la gente empieza inmediatamente  a trabajar, por que los tractores est\u00e1n ah\u00ed, y el dinero est\u00e1 disponible\u00bb,  indic\u00f3 el funcionario y dirigente pelede\u00edsta. <\/p>\n<p>&#13;<\/p>\n<p align=\"justify\" class=\"text1noticias\">Quilvio Cabrera expres\u00f3 que el sector  agropecuario es un sector din\u00e1mico, que \u00abla gente tiene esperanza, tiene  f\u00e8, y est\u00e1 en disposici\u00f3n de recuperar lo que se ha perdido\u00bb. <\/p>\n<p>&#13;<\/p>\n<p align=\"justify\" class=\"text1noticias\">\u00abYa que est\u00e1 segura de contar con el  apoyo del gobierno del Presidente Leonel Fern\u00e1ndez\u00bb, concluy\u00f3 el  integrante del Comit\u00e9 Central del PLD. <\/p>\n<p>&#13;<\/p>\n<h6> 2007-12-20 20:41:56 <\/h6>\n<p><!--\n<link rel=\"stylesheet\" href=\"css\/bootstrap.min.css\">\n\n\n<ul class=\"pagination\">\n\t    \n\t\n\n<li >\n\t<a href='?page_no=28317'>Previous<\/a>\n\t<\/li>\n\n\n       \n    \n\n<li><a href='?page_no=1'>1<\/a><\/li>\n\n\n\n<li><a href='?page_no=2'>2<\/a><\/li>\n\n\n\n<li><a>...<\/a><\/li>\n\n\n\n<li><a href='?page_no=28316'>28316<\/a><\/li>\n\n\n\n<li><a href='?page_no=28317'>28317<\/a><\/li>\n\n\n\n<li class='active'><a>28318<\/a><\/li>\n\n\n\n<li><a href='?page_no=28319'>28319<\/a><\/li>\n\n\n\n<li><a href='?page_no=28320'>28320<\/a><\/li>\n\n\n\n<li><a>...<\/a><\/li>\n\n\n\n<li><a href='?page_no=30472'>30472<\/a><\/li>\n\n\n\n<li><a href='?page_no=30473'>30473<\/a><\/li>\n\n    \n\t\n\n<li >\n\t<a href='?page_no=28319'>Next<\/a>\n\t<\/li>\n\n\n    \n\n<li><a href='?page_no=30473'>Last &rsaquo;&rsaquo;<\/a><\/li>\n\n<\/ul>\n\n\n--><br \/>\n<\/body><\/p>\n","protected":false},"excerpt":{"rendered":"<p>Director del IAD proclama presidente Fern\u00e1ndez muestra preocupaci\u00f3n por peque\u00f1os productores &#13; SANTO DOMINGO.- El director del Instituto Agrario Dominicano (IAD), Quilvio Cabrera proclam\u00f3 este jueves que el Presidente Leonel Fern\u00e1ndez muestra su preocupaci\u00f3n por los peque\u00f1os productores cuando instruye la preparaci\u00f3n gratuita de tierra a los propietarios de menos de 50 tareas. &#13; Cabrera [&hellip;]<\/p>\n","protected":false},"author":3,"featured_media":0,"comment_status":"open","ping_status":"open","sticky":false,"template":"","format":"standard","meta":{"footnotes":""},"categories":[18],"tags":[],"class_list":["post-122438","post","type-post","status-publish","format-standard","hentry","category-economia"],"_links":{"self":[{"href":"https:\/\/diariodominicano.com\/index.php?rest_route=\/wp\/v2\/posts\/122438","targetHints":{"allow":["GET"]}}],"collection":[{"href":"https:\/\/diariodominicano.com\/index.php?rest_route=\/wp\/v2\/posts"}],"about":[{"href":"https:\/\/diariodominicano.com\/index.php?rest_route=\/wp\/v2\/types\/post"}],"author":[{"embeddable":true,"href":"https:\/\/diariodominicano.com\/index.php?rest_route=\/wp\/v2\/users\/3"}],"replies":[{"embeddable":true,"href":"https:\/\/diariodominicano.com\/index.php?rest_route=%2Fwp%2Fv2%2Fcomments&post=122438"}],"version-history":[{"count":0,"href":"https:\/\/diariodominicano.com\/index.php?rest_route=\/wp\/v2\/posts\/122438\/revisions"}],"wp:attachment":[{"href":"https:\/\/diariodominicano.com\/index.php?rest_route=%2Fwp%2Fv2%2Fmedia&parent=122438"}],"wp:term":[{"taxonomy":"category","embeddable":true,"href":"https:\/\/diariodominicano.com\/index.php?rest_route=%2Fwp%2Fv2%2Fcategories&post=122438"},{"taxonomy":"post_tag","embeddable":true,"href":"https:\/\/diariodominicano.com\/index.php?rest_route=%2Fwp%2Fv2%2Ftags&post=122438"}],"curies":[{"name":"wp","href":"https:\/\/api.w.org\/{rel}","templated":true}]}}