{"id":122434,"date":"2007-12-22T04:25:54","date_gmt":"2007-12-22T04:25:54","guid":{"rendered":"http:\/\/diariodominicano.ddns.net\/?p=122434"},"modified":"2007-12-22T04:25:54","modified_gmt":"2007-12-22T04:25:54","slug":"chavez-presenta-nuevos-objetivos-de-petrocaribe","status":"publish","type":"post","link":"https:\/\/diariodominicano.com\/?p=122434","title":{"rendered":"Ch\u00e1vez presenta nuevos objetivos de Petrocaribe"},"content":{"rendered":"<p><body><\/p>\n<p align=\"justify\"><span class=\"titulogrande1\">Ch\u00e1vez  presenta nuevos objetivos de Petrocaribe <\/span><br \/>&#13;<br \/>\n  <br \/>&#13;<br \/>\n    <span class=\"text1noticias\"><strong><img loading=\"lazy\" decoding=\"async\" src=\"http:\/\/localhost:8080\/economia\/pictures\/raul castro hugo chavez.jpg\" width=\"269\" height=\"200\" hspace=\"4\" align=\"left\" \/>CIENFUEGOS, Cuba (PL).\u2014 <\/strong>El presidente venezolano,  Hugo Ch\u00e1vez, asegur\u00f3 este viernes que existe una din\u00e1mica en marcha dentro de  Petrocaribe y present\u00f3 a debate los nuevos objetivos de ese mecanismo de  cooperaci\u00f3n energ\u00e9tica regional al inaugurar aqu\u00ed su IV Cumbre.<br \/>&#13;<br \/>\n    <br \/>&#13;<br \/>\n    En primer lugar se\u00f1al\u00f3 el establecimiento de la  refiner\u00eda de esta ciudad, 250 kil\u00f3metros al sudeste de La Habana, como el primer  centro de procesamiento y acopio de crudos del mecanismo fuera de Venezuela.<br \/>&#13;<br \/>\n    <br \/>&#13;<br \/>\n    Desde Cienfuegos se manufacturar\u00e1n combustibles  para su distribuci\u00f3n en el Caribe, confirm\u00f3 tras anunciar que ya fueron  trasegados aqu\u00ed cerca de medio mill\u00f3n de barriles de petr\u00f3leo venezolano.<br \/>&#13;<br \/>\n    <br \/>&#13;<br \/>\n    En tal sentido hizo un reconocimiento a los  trabajadores cubanos y venezolanos que en menos de un a\u00f1o lograron  recapitalizar la f\u00e1brica, construida con tecnolog\u00eda de la antigua Uni\u00f3n  Sovi\u00e9tica en 1990.<br \/>&#13;<br \/>\n    <br \/>&#13;<br \/>\n    Otro objetivo plantea la creaci\u00f3n de un fondo para  financiar proyectos de fuentes alternativas de energ\u00eda, solar, geot\u00e9rmica y  e\u00f3lica, en los pa\u00edses de la regi\u00f3n, mediante pr\u00e9stamos a las empresas mixtas  constituidas.<br \/>&#13;<br \/>\n    <br \/>&#13;<br \/>\n    Petrocaribe incluir\u00e1 una cesta de productos y  servicios locales de las naciones miembros como mecanismo de compensaci\u00f3n del  pago de la factura petrolera, la cual comenzar\u00eda a implementarse por los pa\u00edses  con vencimiento del per\u00edodo de gracia en 2008, explic\u00f3 Ch\u00e1vez.<br \/>&#13;<br \/>\n    <br \/>&#13;<br \/>\n    Para ello, continu\u00f3, se tendr\u00e1 en cuenta la  experiencia acumulada por Venezuela en el manejo de la factura petrolera con  Cuba, Argentina y Uruguay, durante los \u00faltimos a\u00f1os.<br \/>&#13;<br \/>\n    <br \/>&#13;<br \/>\n    Que la deuda en vez de un peso se convierta en otro  mecanismo de liberaci\u00f3n para luchar contra las asimetr\u00edas e impulsar el modelo  de desarrollo de los pa\u00edses firmantes de Petrocaribe, abog\u00f3 el mandatario  suramericano.<br \/>&#13;<br \/>\n    <br \/>&#13;<br \/>\n    Un nuevo espacio econ\u00f3mico caribe\u00f1o podr\u00eda salir de  esa pol\u00edtica de comercio justo en la zona, el cual podr\u00edamos ver como un  ejemplo para el mundo, asegur\u00f3.<br \/>&#13;<br \/>\n    <br \/>&#13;<br \/>\n    Ch\u00e1vez anunci\u00f3 que la factura acumulada de la deuda  de los estados de Petrocaribe por la compra del crudo venezolano asciende este  a\u00f1o a mil 166 millones de d\u00f3lares y en 2010 se elevar\u00e1 a cuatro mil 566  millones.<br \/>&#13;<br \/>\n    <br \/>&#13;<br \/>\n    S\u00f3lo lo digo para demostrar el potencial que existe  para generar desarrollo con esos tratados de comercio justo, indic\u00f3.<br \/>&#13;<br \/>\n    <br \/>&#13;<br \/>\n    Por la v\u00eda propuesta para el cumplimiento de tal  compromiso financiero se prev\u00e9 una proyecci\u00f3n de pagos (con bienes y servicios)  de 100 millones de d\u00f3lares en 2010, 222 millones en 2013 y 500 millones en  2018, indic\u00f3.<br \/>&#13;<br \/>\n    <br \/>&#13;<br \/>\n    Otros objetivos inherentes a la din\u00e1mica del pacto  de cooperaci\u00f3n energ\u00e9tica prev\u00e9n la conformaci\u00f3n de un mecanismo de  fideicomiso, la creaci\u00f3n de dos comit\u00e9s para aceptar solicitudes de proyectos,  as\u00ed como la consolidaci\u00f3n del Secretariado de Petrocaribe, a\u00f1adi\u00f3.<br \/>&#13;<br \/>\n    <br \/>&#13;<br \/>\nEl presidente venezolano salud\u00f3 la presencia en la Cumbre del ministro de  Defensa de Honduras, Ar\u00edstides Mej\u00eda, cuyo presidente, Manuel Zelaya, solicit\u00f3  la integraci\u00f3n a Petrocaribe.<\/span><\/p>\n<p>&#13;<\/p>\n<h6> 2007-12-22 04:25:54 <\/h6>\n<p><!--\n<link rel=\"stylesheet\" href=\"css\/bootstrap.min.css\">\n\n\n<ul class=\"pagination\">\n\t    \n\t\n\n<li >\n\t<a href='?page_no=28313'>Previous<\/a>\n\t<\/li>\n\n\n       \n    \n\n<li><a href='?page_no=1'>1<\/a><\/li>\n\n\n\n<li><a href='?page_no=2'>2<\/a><\/li>\n\n\n\n<li><a>...<\/a><\/li>\n\n\n\n<li><a href='?page_no=28312'>28312<\/a><\/li>\n\n\n\n<li><a href='?page_no=28313'>28313<\/a><\/li>\n\n\n\n<li class='active'><a>28314<\/a><\/li>\n\n\n\n<li><a href='?page_no=28315'>28315<\/a><\/li>\n\n\n\n<li><a href='?page_no=28316'>28316<\/a><\/li>\n\n\n\n<li><a>...<\/a><\/li>\n\n\n\n<li><a href='?page_no=30472'>30472<\/a><\/li>\n\n\n\n<li><a href='?page_no=30473'>30473<\/a><\/li>\n\n    \n\t\n\n<li >\n\t<a href='?page_no=28315'>Next<\/a>\n\t<\/li>\n\n\n    \n\n<li><a href='?page_no=30473'>Last &rsaquo;&rsaquo;<\/a><\/li>\n\n<\/ul>\n\n\n--><br \/>\n<\/body><\/p>\n","protected":false},"excerpt":{"rendered":"<p>Ch\u00e1vez presenta nuevos objetivos de Petrocaribe &#13; &#13; CIENFUEGOS, Cuba (PL).\u2014 El presidente venezolano, Hugo Ch\u00e1vez, asegur\u00f3 este viernes que existe una din\u00e1mica en marcha dentro de Petrocaribe y present\u00f3 a debate los nuevos objetivos de ese mecanismo de cooperaci\u00f3n energ\u00e9tica regional al inaugurar aqu\u00ed su IV Cumbre.&#13; &#13; En primer lugar se\u00f1al\u00f3 el establecimiento [&hellip;]<\/p>\n","protected":false},"author":3,"featured_media":0,"comment_status":"open","ping_status":"open","sticky":false,"template":"","format":"standard","meta":{"footnotes":""},"categories":[18],"tags":[],"class_list":["post-122434","post","type-post","status-publish","format-standard","hentry","category-economia"],"_links":{"self":[{"href":"https:\/\/diariodominicano.com\/index.php?rest_route=\/wp\/v2\/posts\/122434","targetHints":{"allow":["GET"]}}],"collection":[{"href":"https:\/\/diariodominicano.com\/index.php?rest_route=\/wp\/v2\/posts"}],"about":[{"href":"https:\/\/diariodominicano.com\/index.php?rest_route=\/wp\/v2\/types\/post"}],"author":[{"embeddable":true,"href":"https:\/\/diariodominicano.com\/index.php?rest_route=\/wp\/v2\/users\/3"}],"replies":[{"embeddable":true,"href":"https:\/\/diariodominicano.com\/index.php?rest_route=%2Fwp%2Fv2%2Fcomments&post=122434"}],"version-history":[{"count":0,"href":"https:\/\/diariodominicano.com\/index.php?rest_route=\/wp\/v2\/posts\/122434\/revisions"}],"wp:attachment":[{"href":"https:\/\/diariodominicano.com\/index.php?rest_route=%2Fwp%2Fv2%2Fmedia&parent=122434"}],"wp:term":[{"taxonomy":"category","embeddable":true,"href":"https:\/\/diariodominicano.com\/index.php?rest_route=%2Fwp%2Fv2%2Fcategories&post=122434"},{"taxonomy":"post_tag","embeddable":true,"href":"https:\/\/diariodominicano.com\/index.php?rest_route=%2Fwp%2Fv2%2Ftags&post=122434"}],"curies":[{"name":"wp","href":"https:\/\/api.w.org\/{rel}","templated":true}]}}