{"id":122431,"date":"2007-12-23T23:16:48","date_gmt":"2007-12-23T23:16:48","guid":{"rendered":"http:\/\/diariodominicano.ddns.net\/?p=122431"},"modified":"2007-12-23T23:16:48","modified_gmt":"2007-12-23T23:16:48","slug":"embajador-federico-cuello-considera-el-acuerdo-rd-ue-es-de-mayor-alcance-flexibilidad-y-beneficio-que-el-dr-cafta","status":"publish","type":"post","link":"https:\/\/diariodominicano.com\/?p=122431","title":{"rendered":"Embajador Federico Cuello considera el acuerdo RD-UE es de mayor alcance, flexibilidad y beneficio que el DR-CAFTA"},"content":{"rendered":"<p><body><\/p>\n<p align=\"justify\" class=\"titulogrande1\">Embajador Federico Cuello considera el acuerdo RD-UE es de mayor  alcance, flexibilidad y beneficio que el DR-CAFTA<\/p>\n<p>&#13;<\/p>\n<p align=\"justify\" class=\"text1noticias\"><strong><img loading=\"lazy\" decoding=\"async\" src=\"http:\/\/localhost:8080\/economia\/pictures\/federico cuello europeos.jpg\" width=\"269\" height=\"205\" hspace=\"4\" align=\"left\" \/>SANTO DOMINGO.-<\/strong> El Acuerdo de Asociaci\u00f3n Econ\u00f3mica (AAE) que Rep\u00fablica  Dominicana acaba de suscribir con la Uni\u00f3n Europea es de mayor alcance, flexibilidad y  beneficios que el Tratado de Libre Comercio que est\u00e1 vigente con Estados Unidos y Centroam\u00e9rica  (DR-CAFTA), afirm\u00f3 el domingo el embajador Federico Cuello.<\/p>\n<p>&#13;<\/p>\n<p align=\"justify\" class=\"text1noticias\">Cuello, quien representa al pa\u00eds ante la UE, con sede en Bruselas, B\u00e9lgica, destac\u00f3 que  este acuerdo permite la exportaci\u00f3n a 27 pa\u00edses del viejo continente de una  amplia gama de productos y servicios libres de aranceles y de cuotas, y al  mismo tiempo especializa fondos millonarios para mejorar la competititividad  nacional y el servicio el\u00e9ctrico.<\/p>\n<p>&#13;<\/p>\n<p align=\"justify\" class=\"text1noticias\">S\u00f3lo para financiar programas de competitividad el AAE especializa la  suma de 80 millones de Euros y otros 120 millones de euros para el sector el\u00e9ctrico,  dijo Cuello.<\/p>\n<p>&#13;<\/p>\n<p align=\"justify\" class=\"text1noticias\">Adem\u00e1s, destac\u00f3 el diplom\u00e1tico, el acuerdo protege muchos productos  sensibles dominicanos como es el caso del pollo, las carnes de res y de cerdo,  mientras que en un rengl\u00f3n como el de la leche los periodos de desgravaci\u00f3n  alcanzan hasta los 25 a\u00f1os.<\/p>\n<p>&#13;<\/p>\n<p align=\"justify\" class=\"text1noticias\">\u201cNada de esto esta protegido en el tratado de libre comercio negociado  con los Estados Unidos donde los per\u00edodos de desgravaci\u00f3n llegan tan s\u00f3lo a 20  a\u00f1os y no se excluyeron productos sensibles como el pollo\u201d, dijo Cuello al  responder a preguntas del periodista Manuel Jim\u00e9nez en el programa \u201cEn 1 Hora\u201d  que produce por el canal 27 de RNN.<\/p>\n<p>&#13;<\/p>\n<p align=\"justify\" class=\"text1noticias\">Se\u00f1al\u00f3 como un logro importante del Acuerdo de Asociaci\u00f3n Econ\u00f3mica que  a partir del a\u00f1o entrante Rep\u00fablica Dominicana podr\u00e1 exportar al mercado  europeo unas 30,000 toneladas m\u00e9tricas de az\u00facar y que un mercado de 480 millones  de consumidores se mantendr\u00e1 abierto a productos nacionales como el ron,  tabaco, cacao, banano, aguacate, mango, vegetales y textiles siempre que se  ajusten a las normas de calidad requeridas.<\/p>\n<p>&#13;<\/p>\n<p align=\"justify\" class=\"text1noticias\">El acuerdo, que involucra tambi\u00e9n al resto de los pa\u00edses del Caribe  miembros del CARICOM, entrar\u00e1 en vigencia a partir del primero de enero del  2008, pero no comenzar\u00eda a aplicarse sino hasta el 15 de abril del mismo a\u00f1o,  explic\u00f3 Cuello.<\/p>\n<p>&#13;<\/p>\n<p align=\"justify\" class=\"text1noticias\">Pero esta apertura, sin embargo, no ser\u00e1 simult\u00e1nea. Nuestros mercados  se abrir\u00e1n de manera gradual, asim\u00e9trica y con largos plazos de desgravaci\u00f3n a  los productos europeos, algo que no se hab\u00eda logrado en ninguna otra  negociaci\u00f3n, pues, por ejemplo, en el DR-CAFTA no hubo ninguna exclusi\u00f3n de  libre comercio\u201d, recalc\u00f3 Cuello.<\/p>\n<p>&#13;<\/p>\n<p align=\"justify\" class=\"text1noticias\">Cuello dijo que la   Uni\u00f3n Europea, a diferencia de otros socios en materia de  libre comercio, cree en el desarrollo nacional y dentro de los mecanismos que  quedaron establecidos dentro propio acuerdo se crean financiamientos para  mejorar la competitividad de los productos nacionales, el intercambio de  tecnolog\u00eda y para mejorar un \u00e1rea critica en Rep\u00fablica Dominicana como es el  sector el\u00e9ctrico.<\/p>\n<p>&#13;<\/p>\n<p align=\"justify\" class=\"text1noticias\">El acuerdo protege, asimismo, a los inversionistas nacionales en el  sector del turismo de lo que llam\u00f3 \u201cpr\u00e1cticas anticompetitivas\u201d por parte de  los tour operadores europeos que tradicionalmente han colocado contra la pared  a los propietarios de hoteles imponi\u00e9ndoles tarifas de hasta 18 d\u00f3lares por d\u00eda  en el sistema de \u201ctodo incluido\u201d.<\/p>\n<p>&#13;<\/p>\n<p align=\"justify\" class=\"text1noticias\">Explic\u00f3 que el acuerdo establece mecanismos legales a trav\u00e9s de los  cuales los hoteleros dominicanos y del resto del Caribe podr\u00e1n protegerse de  estas pr\u00e1cticas y alcanzar mayores beneficios de la explotaci\u00f3n del mercado tur\u00edstico  europeo.<\/p>\n<p>&#13;<\/p>\n<p align=\"justify\" class=\"text1noticias\">Dijo que tambi\u00e9n se establece un acuerdo migratorio alternativo que  facilitar\u00e1 a profesionales, t\u00e9cnicos y obreros calificados dominicanos viajar a  Europa a prestar servicios por per\u00edodos no mayores de seis meses.<br \/>&#13;<br \/>\n  <br \/>&#13;<br \/>\n  Pero para esto se deber\u00e1n llenar los requisitos de profesionalidad y  competencia que requieran las empresas europeas que contraten ese personal  dominicano, incluyendo la rivalidaci\u00f3n de t\u00edtulos acad\u00e9micos expedidos por  universidades nacionales.<\/p>\n<p>&#13;<\/p>\n<p align=\"justify\" class=\"text1noticias\">Cit\u00f3 que un \u00e1rea que generar\u00e1 mucha demanda en Europa es la de  enfermer\u00eda pues se trata de una carrera que a ning\u00fan europeo le interesa, por  lo que hay escasez de enfermeras en los hospitales y centros m\u00e9dicos privados.<\/p>\n<p>&#13;<\/p>\n<p align=\"justify\" class=\"text1noticias\">El embajador dominicano \u00a0ante la UE dijo que otro logro  importante en este acuerdo es que produce una real integraci\u00f3n entre los pa\u00edses  del Caribe y que por primera vez Rep\u00fablica Dominicana y Hait\u00ed sujetar\u00e1n su  comercio bilateral a reglas claras e inviolables.<\/p>\n<p>&#13;<\/p>\n<h6> 2007-12-23 23:16:48 <\/h6>\n<p><!--\n<link rel=\"stylesheet\" href=\"css\/bootstrap.min.css\">\n\n\n<ul class=\"pagination\">\n\t    \n\t\n\n<li >\n\t<a href='?page_no=28310'>Previous<\/a>\n\t<\/li>\n\n\n       \n    \n\n<li><a href='?page_no=1'>1<\/a><\/li>\n\n\n\n<li><a href='?page_no=2'>2<\/a><\/li>\n\n\n\n<li><a>...<\/a><\/li>\n\n\n\n<li><a href='?page_no=28309'>28309<\/a><\/li>\n\n\n\n<li><a href='?page_no=28310'>28310<\/a><\/li>\n\n\n\n<li class='active'><a>28311<\/a><\/li>\n\n\n\n<li><a href='?page_no=28312'>28312<\/a><\/li>\n\n\n\n<li><a href='?page_no=28313'>28313<\/a><\/li>\n\n\n\n<li><a>...<\/a><\/li>\n\n\n\n<li><a href='?page_no=30472'>30472<\/a><\/li>\n\n\n\n<li><a href='?page_no=30473'>30473<\/a><\/li>\n\n    \n\t\n\n<li >\n\t<a href='?page_no=28312'>Next<\/a>\n\t<\/li>\n\n\n    \n\n<li><a href='?page_no=30473'>Last &rsaquo;&rsaquo;<\/a><\/li>\n\n<\/ul>\n\n\n--><br \/>\n<\/body><\/p>\n","protected":false},"excerpt":{"rendered":"<p>Embajador Federico Cuello considera el acuerdo RD-UE es de mayor alcance, flexibilidad y beneficio que el DR-CAFTA &#13; SANTO DOMINGO.- El Acuerdo de Asociaci\u00f3n Econ\u00f3mica (AAE) que Rep\u00fablica Dominicana acaba de suscribir con la Uni\u00f3n Europea es de mayor alcance, flexibilidad y beneficios que el Tratado de Libre Comercio que est\u00e1 vigente con Estados Unidos [&hellip;]<\/p>\n","protected":false},"author":3,"featured_media":0,"comment_status":"open","ping_status":"open","sticky":false,"template":"","format":"standard","meta":{"footnotes":""},"categories":[18],"tags":[],"class_list":["post-122431","post","type-post","status-publish","format-standard","hentry","category-economia"],"_links":{"self":[{"href":"https:\/\/diariodominicano.com\/index.php?rest_route=\/wp\/v2\/posts\/122431","targetHints":{"allow":["GET"]}}],"collection":[{"href":"https:\/\/diariodominicano.com\/index.php?rest_route=\/wp\/v2\/posts"}],"about":[{"href":"https:\/\/diariodominicano.com\/index.php?rest_route=\/wp\/v2\/types\/post"}],"author":[{"embeddable":true,"href":"https:\/\/diariodominicano.com\/index.php?rest_route=\/wp\/v2\/users\/3"}],"replies":[{"embeddable":true,"href":"https:\/\/diariodominicano.com\/index.php?rest_route=%2Fwp%2Fv2%2Fcomments&post=122431"}],"version-history":[{"count":0,"href":"https:\/\/diariodominicano.com\/index.php?rest_route=\/wp\/v2\/posts\/122431\/revisions"}],"wp:attachment":[{"href":"https:\/\/diariodominicano.com\/index.php?rest_route=%2Fwp%2Fv2%2Fmedia&parent=122431"}],"wp:term":[{"taxonomy":"category","embeddable":true,"href":"https:\/\/diariodominicano.com\/index.php?rest_route=%2Fwp%2Fv2%2Fcategories&post=122431"},{"taxonomy":"post_tag","embeddable":true,"href":"https:\/\/diariodominicano.com\/index.php?rest_route=%2Fwp%2Fv2%2Ftags&post=122431"}],"curies":[{"name":"wp","href":"https:\/\/api.w.org\/{rel}","templated":true}]}}