{"id":122428,"date":"2007-12-25T05:24:13","date_gmt":"2007-12-25T05:24:13","guid":{"rendered":"http:\/\/diariodominicano.ddns.net\/?p=122428"},"modified":"2007-12-25T05:24:13","modified_gmt":"2007-12-25T05:24:13","slug":"la-noche-buena-acelera-las-ventas-en-el-comercio","status":"publish","type":"post","link":"https:\/\/diariodominicano.com\/?p=122428","title":{"rendered":"La Noche Buena acelera las ventas en el comercio"},"content":{"rendered":"<p><body><\/p>\n<p class=\"titulogrande1\">La Noche Buena acelera las ventas en el comercio<\/p>\n<p>&#13;<\/p>\n<p align=\"justify\" class=\"text1noticias\"><strong><img loading=\"lazy\" decoding=\"async\" src=\"http:\/\/localhost:8080\/economia\/pictures\/noche24.jpg\" width=\"269\" height=\"458\" hspace=\"4\" align=\"left\" \/>SANTO DOMINGO.-<\/strong> Era notorio el corre-corre  que hab\u00eda ayer en las calles y avenidas de la zona metropolitana. Miles de  personas se trasladaban de un lugar a otro, pero casi siempre terminaban en los  lugares de ventas de todo tipo de mercader\u00edas. Era la v\u00edspera del d\u00eda de la Noche Buena. <br \/>&#13;<br \/>\n  <br \/>&#13;<br \/>\n  Las noticias provenientes del interior  daban tambi\u00e9n el tono de la fecha, con la excepci\u00f3n de los muchos lugares  afectados por las aguas de las tormentas Noel y Olga, como los pueblos de la  regi\u00f3n Sur y los del Cibao Central, hasta la L\u00ednea Noroeste.<br \/>&#13;<br \/>\n  <br \/>&#13;<br \/>\n  La   Noche Buena  es una fiesta navide\u00f1a de alto sentido familiar en la Rep\u00fablica Dominicana.\u00a0<br \/>&#13;<br \/>\n  <br \/>  &#13;<br \/>\n  Los migrantes internos y externos viajan a sus lugares de origen para reunirse  con los parientes y amigos m\u00e1s cercanos para celebrar la Cena.<br \/>&#13;<br \/>\n  <br \/>&#13;<br \/>\n  Por eso ayer estaban abarrotados los  aeropuertos y los puntos de salida y llegada de autobuses de todos los tama\u00f1os.  Hoy este tr\u00e1fico ser\u00e1 m\u00e1s intenso, porque todos quieren llegar a tiempo para  participar en la Cena  de esta Noche Buena.\u00a0 <br \/>&#13;<br \/>\n  <br \/>&#13;<br \/>\n  Tambi\u00e9n esta es una noche de nostalgia  para quienes han perdido a seres queridos, los cuales son recordados de manera  particular en esta ocasi\u00f3n.<br \/>&#13;<br \/>\n  <br \/>&#13;<br \/>\n  <strong>LOS SUPERMERCADOS<\/strong> <br \/>&#13;<br \/>\n  <br \/>&#13;<br \/>\n  Los supermercados estuvieron ayer abarrotados  de clientes. Piernas de cerdo, pavo, ensaladas, bebidas alcoh\u00f3licas, teleras,  dulces y frutas navide\u00f1as, eran parte de los productos demandados  masivamente\u00a0 para preparar hoy la cena de Nochebuena.<br \/>&#13;<br \/>\n  <br \/>&#13;<br \/>\n  \u201cLas ventas se han incrementado en  un cien por ciento\u201d, dijo Zoila Mora, gerente del supermercado Plaza Lama, de  la avenida 27 de Febrero a esquina Winston Churchill.<br \/>&#13;<br \/>\n  <br \/>&#13;<br \/>\n  Los \u201ccarritos\u201d de los supermercados,  atisbados de productos, chocaban unos con otros. Las filas en las cajas de  pagos parec\u00edan inagotables. La concentraci\u00f3n de clientes hac\u00eda dif\u00edcil caminar  por estos comercios.\u00a0 <br \/>&#13;<br \/>\n  <br \/>&#13;<br \/>\n  \u201cHay buen \u00e1nimo, todo est\u00e1 bien para  pasarla en familia, cenar tranquilos\u201d, expres\u00f3 la se\u00f1ora Luisa Gil mientras  compraba en el supermercado Pola,\u00a0 de Multicentro Churchill.<br \/>&#13;<br \/>\n  <br \/>&#13;<br \/>\n  Estas tiendas ofrec\u00edan servicios de  8:00 de la ma\u00f1ana a 11:00 de la noche. <br \/>&#13;<br \/>\n  <br \/>&#13;<br \/>\n  Entre los clientes se observaron figuras  p\u00fablicas como la diputada Minou Tav\u00e1rez Mirabal, el m\u00fasico Dante Cucurullo. <br \/>&#13;<br \/>\n  <br \/>&#13;<br \/>\n  Gran agilidad en los empaques, la  gente caminando de prisa y los parqueos congestionados eran\u00a0  caracter\u00edsticas constantes.\u00a0 <br \/>&#13;<br \/>\n  <br \/>&#13;<br \/>\n  Entre otros productos demandados figuran  empanadas, Whiskies, vinos, cidras, champagne, Pieter Rodr\u00edguez, gerente de Multicentro La Sirena Churchill,  dijo que el pico de venta ha estado en productos como carnes: Pavo, cerdo,  pollo; vegetales, enlatados. Tambi\u00e9n, manzanas, uvas y frutas secas como nueces  y almendras; confiter\u00edas.<br \/>&#13;<br \/>\n  <br \/>&#13;<br \/>\n  Dijo que hoy ofrecer\u00e1n servicio de  8:00 de la ma\u00f1ana a 8:00 de la noche.<br \/>&#13;<br \/>\n  <br \/>&#13;<br \/>\n  Las 19 cajas para pagos del  supermercado Plaza Lama se manten\u00edan repletas. Ayer, dijo su gerente, ten\u00eda las  puertas abiertas hasta que tuvieran demanda. <br \/>&#13;<br \/>\n  <br \/>&#13;<br \/>\n  El Supermercado Nacional de la  avenida 27 de Febrero a esquina Abraham Lincoln tambi\u00e9n estuvo repleto de  clientes. Su gerente inform\u00f3 que no estaban autorizados a ofrecer informaciones  ni permitir tomar fotos sin la autorizaci\u00f3n de CCN. Para se espera que  contin\u00faen compras masivas. (Esta noticia fue redactada con la colaboraci\u00f3n  principal del periodista Fernando Quiroz)<br \/>&#13;<br \/>\n  <br \/>&#13;<br \/>\n  Hoy<\/p>\n<p>&#13;<\/p>\n<h6> 2007-12-25 05:24:13 <\/h6>\n<p><!--\n<link rel=\"stylesheet\" href=\"css\/bootstrap.min.css\">\n\n\n<ul class=\"pagination\">\n\t    \n\t\n\n<li >\n\t<a href='?page_no=28307'>Previous<\/a>\n\t<\/li>\n\n\n       \n    \n\n<li><a href='?page_no=1'>1<\/a><\/li>\n\n\n\n<li><a href='?page_no=2'>2<\/a><\/li>\n\n\n\n<li><a>...<\/a><\/li>\n\n\n\n<li><a href='?page_no=28306'>28306<\/a><\/li>\n\n\n\n<li><a href='?page_no=28307'>28307<\/a><\/li>\n\n\n\n<li class='active'><a>28308<\/a><\/li>\n\n\n\n<li><a href='?page_no=28309'>28309<\/a><\/li>\n\n\n\n<li><a href='?page_no=28310'>28310<\/a><\/li>\n\n\n\n<li><a>...<\/a><\/li>\n\n\n\n<li><a href='?page_no=30472'>30472<\/a><\/li>\n\n\n\n<li><a href='?page_no=30473'>30473<\/a><\/li>\n\n    \n\t\n\n<li >\n\t<a href='?page_no=28309'>Next<\/a>\n\t<\/li>\n\n\n    \n\n<li><a href='?page_no=30473'>Last &rsaquo;&rsaquo;<\/a><\/li>\n\n<\/ul>\n\n\n--><br \/>\n<\/body><\/p>\n","protected":false},"excerpt":{"rendered":"<p>La Noche Buena acelera las ventas en el comercio &#13; SANTO DOMINGO.- Era notorio el corre-corre que hab\u00eda ayer en las calles y avenidas de la zona metropolitana. Miles de personas se trasladaban de un lugar a otro, pero casi siempre terminaban en los lugares de ventas de todo tipo de mercader\u00edas. Era la v\u00edspera [&hellip;]<\/p>\n","protected":false},"author":3,"featured_media":0,"comment_status":"open","ping_status":"open","sticky":false,"template":"","format":"standard","meta":{"footnotes":""},"categories":[18],"tags":[],"class_list":["post-122428","post","type-post","status-publish","format-standard","hentry","category-economia"],"_links":{"self":[{"href":"https:\/\/diariodominicano.com\/index.php?rest_route=\/wp\/v2\/posts\/122428","targetHints":{"allow":["GET"]}}],"collection":[{"href":"https:\/\/diariodominicano.com\/index.php?rest_route=\/wp\/v2\/posts"}],"about":[{"href":"https:\/\/diariodominicano.com\/index.php?rest_route=\/wp\/v2\/types\/post"}],"author":[{"embeddable":true,"href":"https:\/\/diariodominicano.com\/index.php?rest_route=\/wp\/v2\/users\/3"}],"replies":[{"embeddable":true,"href":"https:\/\/diariodominicano.com\/index.php?rest_route=%2Fwp%2Fv2%2Fcomments&post=122428"}],"version-history":[{"count":0,"href":"https:\/\/diariodominicano.com\/index.php?rest_route=\/wp\/v2\/posts\/122428\/revisions"}],"wp:attachment":[{"href":"https:\/\/diariodominicano.com\/index.php?rest_route=%2Fwp%2Fv2%2Fmedia&parent=122428"}],"wp:term":[{"taxonomy":"category","embeddable":true,"href":"https:\/\/diariodominicano.com\/index.php?rest_route=%2Fwp%2Fv2%2Fcategories&post=122428"},{"taxonomy":"post_tag","embeddable":true,"href":"https:\/\/diariodominicano.com\/index.php?rest_route=%2Fwp%2Fv2%2Ftags&post=122428"}],"curies":[{"name":"wp","href":"https:\/\/api.w.org\/{rel}","templated":true}]}}