{"id":122421,"date":"2007-12-27T23:48:11","date_gmt":"2007-12-27T23:48:11","guid":{"rendered":"http:\/\/diariodominicano.ddns.net\/?p=122421"},"modified":"2007-12-27T23:48:11","modified_gmt":"2007-12-27T23:48:11","slug":"productores-san-juan-de-la-maguana-reconocen-a-rodriguez-pimentel","status":"publish","type":"post","link":"https:\/\/diariodominicano.com\/?p=122421","title":{"rendered":"Productores San Juan de la Maguana reconocen a Rodr\u00edguez Pimentel"},"content":{"rendered":"<p><body><\/p>\n<p class=\"titulogrande1\">Productores San Juan de la Maguana reconocen a  Rodr\u00edguez Pimentel\u00a0<\/p>\n<p>&#13;<\/p>\n<p align=\"justify\" class=\"text1noticias\"><strong><img loading=\"lazy\" decoding=\"async\" src=\"http:\/\/localhost:8080\/economia\/pictures\/hector rodriguez pimentel foto.jpg\" width=\"269\" height=\"332\" hspace=\"4\" align=\"left\" \/>SAN JUAN DE LA MAGUANA.- <\/strong>Productores agropecuarios de aqu\u00ed entregar\u00e1 una placa de  reconocimiento al Director Ejecutivo del Instituto Nacional de Recursos  Hidr\u00e1ulicos (INDRHI), ingeniero H\u00e9ctor Rodr\u00edguez Pimentel, por la r\u00e1pida  rehabilitaci\u00f3n de los canales de riego de la zona.<\/p>\n<p>&#13;<\/p>\n<p align=\"justify\" class=\"text1noticias\">Antonio Ferm\u00edn y Jos\u00e9 Luis Gonz\u00e1lez, presidente y secretario general del  Consorcio de Productores Agr\u00edcolas Sostenibles del Valle de San Juan dijeron  que la ceremonia de reconocimiento al ingeniero Rodr\u00edguez Pimentel tendr\u00e1 lugar  en el marco de una cena de confraternidad en el restaurante La Bella Cascada.<\/p>\n<p>&#13;<\/p>\n<p align=\"justify\" class=\"text1noticias\">Resaltaron que  tras el paso de las tormentas Noel y Olga fue posible salvar la cosecha de  habichuela de la zona, por la r\u00e1pida intervenci\u00f3n del INDRHI en la  rehabilitaci\u00f3n de los sistemas de riego del sur.<\/p>\n<p>&#13;<\/p>\n<p align=\"justify\" class=\"text1noticias\">Indicaron que el  Consorcio agrupa a numerosas asociaciones de productores del Valle de San Juan  de la Maguana,  quienes cosechan unas 130 mil tareas de habichuelas y otros rubros, tales como  arroz, cebolla, lim\u00f3n, mago y otros frutales.<\/p>\n<p>&#13;<\/p>\n<p align=\"justify\" class=\"text1noticias\">La actividad  cuenta con el respaldo del ingeniero Francisco Ferm\u00edn, quien es presidente de la Asociaci\u00f3n de Regantes  del R\u00edo Mijo, de la   Asociaci\u00f3n de Productores de Leguminosas del Valle de San  Juan y Primer Vocal del Consejo Nacional de Regantes.<\/p>\n<p>&#13;<\/p>\n<h6> 2007-12-27 23:48:11 <\/h6>\n<p><!--\n<link rel=\"stylesheet\" href=\"css\/bootstrap.min.css\">\n\n\n<ul class=\"pagination\">\n\t    \n\t\n\n<li >\n\t<a href='?page_no=28300'>Previous<\/a>\n\t<\/li>\n\n\n       \n    \n\n<li><a href='?page_no=1'>1<\/a><\/li>\n\n\n\n<li><a href='?page_no=2'>2<\/a><\/li>\n\n\n\n<li><a>...<\/a><\/li>\n\n\n\n<li><a href='?page_no=28299'>28299<\/a><\/li>\n\n\n\n<li><a href='?page_no=28300'>28300<\/a><\/li>\n\n\n\n<li class='active'><a>28301<\/a><\/li>\n\n\n\n<li><a href='?page_no=28302'>28302<\/a><\/li>\n\n\n\n<li><a href='?page_no=28303'>28303<\/a><\/li>\n\n\n\n<li><a>...<\/a><\/li>\n\n\n\n<li><a href='?page_no=30472'>30472<\/a><\/li>\n\n\n\n<li><a href='?page_no=30473'>30473<\/a><\/li>\n\n    \n\t\n\n<li >\n\t<a href='?page_no=28302'>Next<\/a>\n\t<\/li>\n\n\n    \n\n<li><a href='?page_no=30473'>Last &rsaquo;&rsaquo;<\/a><\/li>\n\n<\/ul>\n\n\n--><br \/>\n<\/body><\/p>\n","protected":false},"excerpt":{"rendered":"<p>Productores San Juan de la Maguana reconocen a Rodr\u00edguez Pimentel\u00a0 &#13; SAN JUAN DE LA MAGUANA.- Productores agropecuarios de aqu\u00ed entregar\u00e1 una placa de reconocimiento al Director Ejecutivo del Instituto Nacional de Recursos Hidr\u00e1ulicos (INDRHI), ingeniero H\u00e9ctor Rodr\u00edguez Pimentel, por la r\u00e1pida rehabilitaci\u00f3n de los canales de riego de la zona. &#13; Antonio Ferm\u00edn y [&hellip;]<\/p>\n","protected":false},"author":3,"featured_media":0,"comment_status":"open","ping_status":"open","sticky":false,"template":"","format":"standard","meta":{"footnotes":""},"categories":[18],"tags":[],"class_list":["post-122421","post","type-post","status-publish","format-standard","hentry","category-economia"],"_links":{"self":[{"href":"https:\/\/diariodominicano.com\/index.php?rest_route=\/wp\/v2\/posts\/122421","targetHints":{"allow":["GET"]}}],"collection":[{"href":"https:\/\/diariodominicano.com\/index.php?rest_route=\/wp\/v2\/posts"}],"about":[{"href":"https:\/\/diariodominicano.com\/index.php?rest_route=\/wp\/v2\/types\/post"}],"author":[{"embeddable":true,"href":"https:\/\/diariodominicano.com\/index.php?rest_route=\/wp\/v2\/users\/3"}],"replies":[{"embeddable":true,"href":"https:\/\/diariodominicano.com\/index.php?rest_route=%2Fwp%2Fv2%2Fcomments&post=122421"}],"version-history":[{"count":0,"href":"https:\/\/diariodominicano.com\/index.php?rest_route=\/wp\/v2\/posts\/122421\/revisions"}],"wp:attachment":[{"href":"https:\/\/diariodominicano.com\/index.php?rest_route=%2Fwp%2Fv2%2Fmedia&parent=122421"}],"wp:term":[{"taxonomy":"category","embeddable":true,"href":"https:\/\/diariodominicano.com\/index.php?rest_route=%2Fwp%2Fv2%2Fcategories&post=122421"},{"taxonomy":"post_tag","embeddable":true,"href":"https:\/\/diariodominicano.com\/index.php?rest_route=%2Fwp%2Fv2%2Ftags&post=122421"}],"curies":[{"name":"wp","href":"https:\/\/api.w.org\/{rel}","templated":true}]}}