{"id":122419,"date":"2007-12-29T19:42:42","date_gmt":"2007-12-29T19:42:42","guid":{"rendered":"http:\/\/diariodominicano.ddns.net\/?p=122419"},"modified":"2007-12-29T19:42:42","modified_gmt":"2007-12-29T19:42:42","slug":"melanio-paredes-pide-aclarar-denuncias-sobre-alegadas-ventas-ilegales-de-licencias-hecha-por-anadegas","status":"publish","type":"post","link":"https:\/\/diariodominicano.com\/?p=122419","title":{"rendered":"Melanio Paredes pide aclarar denuncias sobre alegadas ventas ilegales de licencias hecha por ANADEGAS"},"content":{"rendered":"<p><body><\/p>\n<p align=\"justify\" class=\"titulogrande1\"><strong>Melanio Paredes  pide aclarar denuncias sobre\u00a0 alegadas  ventas ilegales de licencias hecha por ANADEGAS<\/strong><\/p>\n<p>&#13;<\/p>\n<p align=\"justify\" class=\"text1noticias\"><strong><img loading=\"lazy\" decoding=\"async\" src=\"http:\/\/localhost:8080\/economia\/pictures\/melanio paredes.jpg\" width=\"269\" height=\"361\" hspace=\"4\" align=\"left\" \/>SANTO DOMINGO.-<\/strong> El secretario de Industria y Comercio, Melanio  Paredes, emplaz\u00f3 \u00a0al presidente de la Asociaci\u00f3n Nacional  de Detallistas de Gasolinas (Anadegas), Juan Ignacio Espaillat, para que  presente las pruebas documentales que avalen su denuncia sobre la venta de licencias o permisos a lo interno de esa Secretar\u00eda.<br \/>&#13;<br \/>\n  <br \/>&#13;<br \/>\n\u201cEn esta Secretar\u00eda no se extorsiona a nadie  para el otorgamiento de un permiso\u201d, manifest\u00f3 Paredes, tras reunirse con el  presidente de Anadegas, quien el pasado jueves denunci\u00f3 que las licencias son  expedidas de acuerdo a los intereses de una supuesta \u201cmafia\u201dque opera en esa  dependencia.<br \/>&#13;<br \/>\n<br \/>&#13;<br \/>\nDijo que esa Secretar\u00eda est\u00e1 presta a iniciar  y profundizar en cualquier investigaci\u00f3n que contribuya a sanear y  transparentar el mercado. \u201cEn todo caso le he manifestado que estamos abiertos  a recibir los aportes y las pruebas documentales que nos ayuden a mejorar y  sanear un mercado en el que tengo s\u00f3lo cinco meses y que Francisco Javier  Garc\u00eda estuvo tres a\u00f1os, pero que Ignacio Espaillat tiene todos los a\u00f1os del  mundo y lo conoce mejor que nosotros\u201d, expres\u00f3 Paredes.<br \/>&#13;<br \/>\n<br \/>&#13;<br \/>\nDestac\u00f3 que si comprueba que efectivamente es  real la denuncia de Espaillat, \u201ctendr\u00e1n que rodar cabezas, no importa que sea  la del secretario\u201d.<br \/>&#13;<br \/>\n<br \/>&#13;<br \/>\nCon relaci\u00f3n al status de la licencia de  operaci\u00f3n a Petr\u00f3leos Nacionales (Petronan), Paredes sostuvo que la solicitud  ya fue tramitada y que todo se har\u00e1 conforme a lo que establece la ley.<br \/>&#13;<br \/>\n<br \/>&#13;<br \/>\nAsegur\u00f3 que si la solicitud de Petronan no  lesiona derechos adquiridos, si va a operar con equipos propios y si este  otorgamiento de licencia no entra en conflicto con cualquier otra instalaci\u00f3n que  puedan tener con tercera persona, no habr\u00e1 inconvenientes en la aprobaci\u00f3n.<br \/>&#13;<br \/>\n<br \/>&#13;<br \/>\n\u201cHemos sido siempre partidarios de la mayor  apertura, no creemos que nadie debe tener el control y monopolio sobre un  mercado que se ha tornado tan complicado y tan diverso con el tema del  encarecimiento de los precios internacionales del petr\u00f3leo\u201d, puntualiz\u00f3.<br \/>&#13;<br \/>\n<br \/>&#13;<br \/>\nInform\u00f3 que seg\u00fan los resultados de varias  investigaciones, luego de denuncias hechas por el presidente de Anadegas sobre  contrabando de combustibles especialmente en el puerto de Puerto Plata, no se  comprob\u00f3 la existencia de esos actos il\u00edcitos.<br \/>&#13;<br \/>\n<br \/>&#13;<br \/>\nIndic\u00f3 que la SEIC ha contratado una compa\u00f1\u00eda para comprobar si  en la Refiner\u00eda   Nacional de Petr\u00f3leo se est\u00e1n despachando combustibles  alterados y si se permite tanqueros que no est\u00e1n debidamente identificado.<br \/>&#13;<br \/>\n<br \/>&#13;<br \/>\n\u201cVamos a realizar las investigaciones de  lugar, sobre todo en un proceso como el que vive la Refiner\u00eda de posible  adquisici\u00f3n por parte del Gobierno de las acciones\u00a0 de la Shell\u201d.<\/p>\n<p>&#13;<\/p>\n<h6> 2007-12-29 19:42:42 <\/h6>\n<p><!--\n<link rel=\"stylesheet\" href=\"css\/bootstrap.min.css\">\n\n\n<ul class=\"pagination\">\n\t    \n\t\n\n<li >\n\t<a href='?page_no=28298'>Previous<\/a>\n\t<\/li>\n\n\n       \n    \n\n<li><a href='?page_no=1'>1<\/a><\/li>\n\n\n\n<li><a href='?page_no=2'>2<\/a><\/li>\n\n\n\n<li><a>...<\/a><\/li>\n\n\n\n<li><a href='?page_no=28297'>28297<\/a><\/li>\n\n\n\n<li><a href='?page_no=28298'>28298<\/a><\/li>\n\n\n\n<li class='active'><a>28299<\/a><\/li>\n\n\n\n<li><a href='?page_no=28300'>28300<\/a><\/li>\n\n\n\n<li><a href='?page_no=28301'>28301<\/a><\/li>\n\n\n\n<li><a>...<\/a><\/li>\n\n\n\n<li><a href='?page_no=30472'>30472<\/a><\/li>\n\n\n\n<li><a href='?page_no=30473'>30473<\/a><\/li>\n\n    \n\t\n\n<li >\n\t<a href='?page_no=28300'>Next<\/a>\n\t<\/li>\n\n\n    \n\n<li><a href='?page_no=30473'>Last &rsaquo;&rsaquo;<\/a><\/li>\n\n<\/ul>\n\n\n--><br \/>\n<\/body><\/p>\n","protected":false},"excerpt":{"rendered":"<p>Melanio Paredes pide aclarar denuncias sobre\u00a0 alegadas ventas ilegales de licencias hecha por ANADEGAS &#13; SANTO DOMINGO.- El secretario de Industria y Comercio, Melanio Paredes, emplaz\u00f3 \u00a0al presidente de la Asociaci\u00f3n Nacional de Detallistas de Gasolinas (Anadegas), Juan Ignacio Espaillat, para que presente las pruebas documentales que avalen su denuncia sobre la venta de licencias [&hellip;]<\/p>\n","protected":false},"author":3,"featured_media":0,"comment_status":"open","ping_status":"open","sticky":false,"template":"","format":"standard","meta":{"footnotes":""},"categories":[18],"tags":[],"class_list":["post-122419","post","type-post","status-publish","format-standard","hentry","category-economia"],"_links":{"self":[{"href":"https:\/\/diariodominicano.com\/index.php?rest_route=\/wp\/v2\/posts\/122419","targetHints":{"allow":["GET"]}}],"collection":[{"href":"https:\/\/diariodominicano.com\/index.php?rest_route=\/wp\/v2\/posts"}],"about":[{"href":"https:\/\/diariodominicano.com\/index.php?rest_route=\/wp\/v2\/types\/post"}],"author":[{"embeddable":true,"href":"https:\/\/diariodominicano.com\/index.php?rest_route=\/wp\/v2\/users\/3"}],"replies":[{"embeddable":true,"href":"https:\/\/diariodominicano.com\/index.php?rest_route=%2Fwp%2Fv2%2Fcomments&post=122419"}],"version-history":[{"count":0,"href":"https:\/\/diariodominicano.com\/index.php?rest_route=\/wp\/v2\/posts\/122419\/revisions"}],"wp:attachment":[{"href":"https:\/\/diariodominicano.com\/index.php?rest_route=%2Fwp%2Fv2%2Fmedia&parent=122419"}],"wp:term":[{"taxonomy":"category","embeddable":true,"href":"https:\/\/diariodominicano.com\/index.php?rest_route=%2Fwp%2Fv2%2Fcategories&post=122419"},{"taxonomy":"post_tag","embeddable":true,"href":"https:\/\/diariodominicano.com\/index.php?rest_route=%2Fwp%2Fv2%2Ftags&post=122419"}],"curies":[{"name":"wp","href":"https:\/\/api.w.org\/{rel}","templated":true}]}}