{"id":122416,"date":"2007-12-31T14:48:26","date_gmt":"2007-12-31T14:48:26","guid":{"rendered":"http:\/\/diariodominicano.ddns.net\/?p=122416"},"modified":"2007-12-31T14:48:26","modified_gmt":"2007-12-31T14:48:26","slug":"vega-preve-una-mayor-inflacion","status":"publish","type":"post","link":"https:\/\/diariodominicano.com\/?p=122416","title":{"rendered":"Vega prev\u00e9 una mayor inflaci\u00f3n"},"content":{"rendered":"<p><body><\/p>\n<style type=\"text\/css\"><![CDATA[\n<!--\n.style1 {font-size: 12px}\n-->\n]]><\/style>\n<p>&#13;<\/p>\n<p><strong>GINEBRA: M\u00c1S EMPLEOS <\/strong><\/p>\n<p>&#13;<\/p>\n<p class=\"titulogrande1\">Vega prev\u00e9 una mayor inflaci\u00f3n <\/p>\n<p>&#13;<\/p>\n<p><span class=\"text1noticias style1\"><strong>POR<\/strong><\/span><strong> <span class=\"textogrande\">TANIA HIDALGO<\/span><\/strong><br \/>&#13;\n<\/p>\n<p>&#13;<\/p>\n<p align=\"justify\" class=\"text1noticias\"><img loading=\"lazy\" decoding=\"async\" src=\"http:\/\/localhost:8080\/economia\/pictures\/bernardo vega.jpg\" width=\"269\" height=\"335\" hspace=\"4\" align=\"left\" \/>El economista Bernardo Vega estim\u00f3 que en el 2008 la inflaci\u00f3n ser\u00e1 m\u00e1s alta que   a\u00f1os anteriores,\u00a0 no s\u00f3lo por\u00a0 el impacto del petr\u00f3leo, sino adem\u00e1s por el   incremento internacional en los precios de los alimentos importados, sobre todo   el aceite comestible, la leche, el pollo y las harinas.<\/p>\n<p>&#13;<\/p>\n<p align=\"justify\" class=\"text1noticias\">Consider\u00f3 que este ha sido un buen a\u00f1o a nivel econ\u00f3mico. No obstante,   precis\u00f3 que fue un desarrollo econ\u00f3mico raro porque dos de los motores   fundamentales de la econom\u00eda se fueron apagando como es el caso de las zonas   francas y el turismo.<\/p>\n<p>&#13;<\/p>\n<p align=\"justify\" class=\"text1noticias\"> En tanto,\u00a0 el empresario Marino Ginebra dijo que para que haya un mayor   desarrollo econ\u00f3mico hay que tratar de procurar oportunidades de empleo y dar   todas las facilidades\u00a0 necesarias para que ese empleo sea productivo y   perdurable, lo que\u00a0 s\u00f3lo se podr\u00e1 lograr en funci\u00f3n del sector privado.<\/p>\n<p>&#13;<\/p>\n<p align=\"justify\" class=\"text1noticias\">Ambos profesionales externaron sus\u00a0 consideraciones al participar en el   programa de televisi\u00f3n de la Fundaci\u00f3n Institucionalidad y Justicia (FINJUS) que   conduce todos los domingo su vicepresidente Servio Tulio Casta\u00f1os Guzm\u00e1n, por   CDN, canal 37.<\/p>\n<p>&#13;<\/p>\n<p align=\"justify\" class=\"text1noticias\">Vega, quien fue gobernador del Banco Central, sostuvo que aunque hubo una\u00a0   desaceleraci\u00f3n en el turismo\u00a0 y las zonas francas, se han registrado\u00a0 elementos   de compensaci\u00f3n como son la inversi\u00f3n extranjera, sobre todo, en bienes ra\u00edces   y\u00a0 hoteles, as\u00ed como la estabilizaci\u00f3n en la tasa de cambio.<br \/>&#13;<br \/>\n  <br \/>&#13;<br \/>\nRefiri\u00f3 que la agricultura y la industria han estado m\u00e1s o menos bien,   mientras que la construcci\u00f3n ha aumentado considerablemente.<\/p>\n<p>&#13;<\/p>\n<p align=\"justify\" class=\"text1noticias\">Sin embargo, se\u00f1al\u00f3 que la distribuci\u00f3n del ingreso sigue empeorando, puesto   que la diferencia entre ricos y pobres se hace mayor. Agreg\u00f3 que la inversi\u00f3n   en educaci\u00f3n y salud sigue siendo muy baja,\u00a0 sobre todo \u201cineficientes\u201d.<\/p>\n<p>&#13;<\/p>\n<p align=\"justify\" class=\"text1noticias\"><strong>MARINO GINEBRA<\/strong><\/p>\n<p>&#13;<\/p>\n<p align=\"justify\" class=\"text1noticias\">De su lado, el empresario\u00a0 Marino Ginebra dijo que el 2007 fue un a\u00f1o en que   el pa\u00eds recaud\u00f3 muchos recursos, ya que \u201clos ingresos fiscales excedieron todos   los pron\u00f3sticos\u201d.<\/p>\n<p>&#13;<\/p>\n<p align=\"justify\" class=\"text1noticias\">Para que esto pueda repercutir en la poblaci\u00f3n, consider\u00f3,\u00a0 hay que tratar de   procurar oportunidades de empleo y dar todas las facilidades necesarias para que   ese empleo sea productivo y perdurable. <\/p>\n<p>&#13;<\/p>\n<p align=\"justify\" class=\"text1noticias\">\u201cEso solo se podr\u00e1 lograr en funci\u00f3n del sector privado\u201d, enfatiz\u00f3.<\/p>\n<p>&#13;<\/p>\n<p align=\"justify\" class=\"text1noticias\">Agreg\u00f3 que es necesario\u00a0 producir mayores inversiones en bienes ra\u00edces   extranjeras, en f\u00e1bricas, empresas de servicios \u201cque vengan y generen empleos   para poder entonces trasladar ese crecimiento que tenemos desde el punto de   vista monetario al crecimiento de la econom\u00eda real y que se produzcan riquezas a   trav\u00e9s del trabajo\u201d.<\/p>\n<p>&#13;<\/p>\n<p align=\"justify\">\u00a0 <\/p>\n<p>&#13;<br \/>\n&#13;<br \/>\nFuente: Peri\u00f3dico Hoy&#13;<\/p>\n<h6> 2007-12-31 14:48:26 <\/h6>\n<p><!--\n<link rel=\"stylesheet\" href=\"css\/bootstrap.min.css\">\n\n\n<ul class=\"pagination\">\n\t    \n\t\n\n<li >\n\t<a href='?page_no=28295'>Previous<\/a>\n\t<\/li>\n\n\n       \n    \n\n<li><a href='?page_no=1'>1<\/a><\/li>\n\n\n\n<li><a href='?page_no=2'>2<\/a><\/li>\n\n\n\n<li><a>...<\/a><\/li>\n\n\n\n<li><a href='?page_no=28294'>28294<\/a><\/li>\n\n\n\n<li><a href='?page_no=28295'>28295<\/a><\/li>\n\n\n\n<li class='active'><a>28296<\/a><\/li>\n\n\n\n<li><a href='?page_no=28297'>28297<\/a><\/li>\n\n\n\n<li><a href='?page_no=28298'>28298<\/a><\/li>\n\n\n\n<li><a>...<\/a><\/li>\n\n\n\n<li><a href='?page_no=30472'>30472<\/a><\/li>\n\n\n\n<li><a href='?page_no=30473'>30473<\/a><\/li>\n\n    \n\t\n\n<li >\n\t<a href='?page_no=28297'>Next<\/a>\n\t<\/li>\n\n\n    \n\n<li><a href='?page_no=30473'>Last &rsaquo;&rsaquo;<\/a><\/li>\n\n<\/ul>\n\n\n--><br \/>\n<\/body><\/p>\n","protected":false},"excerpt":{"rendered":"<p>&#13; GINEBRA: M\u00c1S EMPLEOS &#13; Vega prev\u00e9 una mayor inflaci\u00f3n &#13; POR TANIA HIDALGO&#13; &#13; El economista Bernardo Vega estim\u00f3 que en el 2008 la inflaci\u00f3n ser\u00e1 m\u00e1s alta que a\u00f1os anteriores,\u00a0 no s\u00f3lo por\u00a0 el impacto del petr\u00f3leo, sino adem\u00e1s por el incremento internacional en los precios de los alimentos importados, sobre todo el [&hellip;]<\/p>\n","protected":false},"author":3,"featured_media":0,"comment_status":"open","ping_status":"open","sticky":false,"template":"","format":"standard","meta":{"footnotes":""},"categories":[18],"tags":[],"class_list":["post-122416","post","type-post","status-publish","format-standard","hentry","category-economia"],"_links":{"self":[{"href":"https:\/\/diariodominicano.com\/index.php?rest_route=\/wp\/v2\/posts\/122416","targetHints":{"allow":["GET"]}}],"collection":[{"href":"https:\/\/diariodominicano.com\/index.php?rest_route=\/wp\/v2\/posts"}],"about":[{"href":"https:\/\/diariodominicano.com\/index.php?rest_route=\/wp\/v2\/types\/post"}],"author":[{"embeddable":true,"href":"https:\/\/diariodominicano.com\/index.php?rest_route=\/wp\/v2\/users\/3"}],"replies":[{"embeddable":true,"href":"https:\/\/diariodominicano.com\/index.php?rest_route=%2Fwp%2Fv2%2Fcomments&post=122416"}],"version-history":[{"count":0,"href":"https:\/\/diariodominicano.com\/index.php?rest_route=\/wp\/v2\/posts\/122416\/revisions"}],"wp:attachment":[{"href":"https:\/\/diariodominicano.com\/index.php?rest_route=%2Fwp%2Fv2%2Fmedia&parent=122416"}],"wp:term":[{"taxonomy":"category","embeddable":true,"href":"https:\/\/diariodominicano.com\/index.php?rest_route=%2Fwp%2Fv2%2Fcategories&post=122416"},{"taxonomy":"post_tag","embeddable":true,"href":"https:\/\/diariodominicano.com\/index.php?rest_route=%2Fwp%2Fv2%2Ftags&post=122416"}],"curies":[{"name":"wp","href":"https:\/\/api.w.org\/{rel}","templated":true}]}}