{"id":122415,"date":"2007-12-31T16:52:42","date_gmt":"2007-12-31T16:52:42","guid":{"rendered":"http:\/\/diariodominicano.ddns.net\/?p=122415"},"modified":"2007-12-31T16:52:42","modified_gmt":"2007-12-31T16:52:42","slug":"el-euro-circulara-en-malta-y-chipre-el-1-de-enero","status":"publish","type":"post","link":"https:\/\/diariodominicano.com\/?p=122415","title":{"rendered":"El euro circular\u00e1 en Malta y Chipre el 1 de enero"},"content":{"rendered":"<p><body><\/p>\n<p class=\"titulogrande1\">El euro circular\u00e1 en Malta y Chipre el 1 de enero<\/p>\n<p>&#13;<\/p>\n<p><strong>EFE &#8211; Bruselas &#8211; 31\/12\/2007 <\/strong><\/p>\n<p>&#13;<\/p>\n<p align=\"justify\" class=\"text1noticias\"><img loading=\"lazy\" decoding=\"async\" src=\"http:\/\/localhost:8080\/economia\/pictures\/euro chipre malta.jpg\" width=\"269\" height=\"238\" hspace=\"4\" align=\"left\" \/>Con la adhesi\u00f3n de Malta y Chipre el 1 de enero de 2008, el euro circular\u00e1 en   15 de los 27 pa\u00edses que componen la Uni\u00f3n Europea, y estar\u00e1 en los bolsillos de   320 millones de personas. Nueve a\u00f1os despu\u00e9s de la implantaci\u00f3n de la moneda   \u00fanica y seis desde su puesta en circulaci\u00f3n, la Uni\u00f3n Monetaria incorpora a las   dos econom\u00edas m\u00e1s peque\u00f1as de los Veintisiete.<\/p>\n<p>&#13;<\/p>\n<p align=\"justify\">&#13;<br \/>\n  <span class=\"text1noticias\">&#13;<br \/>\n  <!-- google_ad_section_end() -->&#13;<br \/>\n  <!-- ***** Fin de Entradilla ***** -->&#13;<br \/>\n  <!-- ***** Info complementaria ***** -->&#13;<br \/>\nLos dos pa\u00edses representan tan s\u00f3lo el 0,23% del producto interior bruto   (PIB) comunitario y en ellos vive menos del 0,4% de la poblaci\u00f3n. Malta y   Chipre, que entraron en la UE en mayo de 2004, ser\u00e1n, junto a Eslovenia, los   \u00fanicos nuevos socios que estar\u00e1n tambi\u00e9n en la Uni\u00f3n Monetaria.<\/span><\/p>\n<p>&#13;<\/p>\n<p align=\"justify\" class=\"text1noticias\">Las autoridades de ambos pa\u00edses han establecido un periodo de doble   circulaci\u00f3n con la moneda nacional de s\u00f3lo un mes, hasta el 31 de enero. No   obstante, los chipriotas podr\u00e1n seguir cambiando sus libras (cuyo cambio con el   euro se fij\u00f3 en 0,585274) en los bancos hasta el 30 de junio, mientras que los   malteses podr\u00e1n cambiar sus liras (0,4293 euros) en las oficinas bancarias hasta   el 31 de marzo.<\/p>\n<p>&#13;<\/p>\n<p>\u00a0 <\/p>\n<p>&#13;<\/p>\n<h6> 2007-12-31 16:52:42 <\/h6>\n<p><!--\n<link rel=\"stylesheet\" href=\"css\/bootstrap.min.css\">\n\n\n<ul class=\"pagination\">\n\t    \n\t\n\n<li >\n\t<a href='?page_no=28294'>Previous<\/a>\n\t<\/li>\n\n\n       \n    \n\n<li><a href='?page_no=1'>1<\/a><\/li>\n\n\n\n<li><a href='?page_no=2'>2<\/a><\/li>\n\n\n\n<li><a>...<\/a><\/li>\n\n\n\n<li><a href='?page_no=28293'>28293<\/a><\/li>\n\n\n\n<li><a href='?page_no=28294'>28294<\/a><\/li>\n\n\n\n<li class='active'><a>28295<\/a><\/li>\n\n\n\n<li><a href='?page_no=28296'>28296<\/a><\/li>\n\n\n\n<li><a href='?page_no=28297'>28297<\/a><\/li>\n\n\n\n<li><a>...<\/a><\/li>\n\n\n\n<li><a href='?page_no=30472'>30472<\/a><\/li>\n\n\n\n<li><a href='?page_no=30473'>30473<\/a><\/li>\n\n    \n\t\n\n<li >\n\t<a href='?page_no=28296'>Next<\/a>\n\t<\/li>\n\n\n    \n\n<li><a href='?page_no=30473'>Last &rsaquo;&rsaquo;<\/a><\/li>\n\n<\/ul>\n\n\n--><br \/>\n<\/body><\/p>\n","protected":false},"excerpt":{"rendered":"<p>El euro circular\u00e1 en Malta y Chipre el 1 de enero &#13; EFE &#8211; Bruselas &#8211; 31\/12\/2007 &#13; Con la adhesi\u00f3n de Malta y Chipre el 1 de enero de 2008, el euro circular\u00e1 en 15 de los 27 pa\u00edses que componen la Uni\u00f3n Europea, y estar\u00e1 en los bolsillos de 320 millones de personas. [&hellip;]<\/p>\n","protected":false},"author":3,"featured_media":0,"comment_status":"open","ping_status":"open","sticky":false,"template":"","format":"standard","meta":{"footnotes":""},"categories":[18],"tags":[],"class_list":["post-122415","post","type-post","status-publish","format-standard","hentry","category-economia"],"_links":{"self":[{"href":"https:\/\/diariodominicano.com\/index.php?rest_route=\/wp\/v2\/posts\/122415","targetHints":{"allow":["GET"]}}],"collection":[{"href":"https:\/\/diariodominicano.com\/index.php?rest_route=\/wp\/v2\/posts"}],"about":[{"href":"https:\/\/diariodominicano.com\/index.php?rest_route=\/wp\/v2\/types\/post"}],"author":[{"embeddable":true,"href":"https:\/\/diariodominicano.com\/index.php?rest_route=\/wp\/v2\/users\/3"}],"replies":[{"embeddable":true,"href":"https:\/\/diariodominicano.com\/index.php?rest_route=%2Fwp%2Fv2%2Fcomments&post=122415"}],"version-history":[{"count":0,"href":"https:\/\/diariodominicano.com\/index.php?rest_route=\/wp\/v2\/posts\/122415\/revisions"}],"wp:attachment":[{"href":"https:\/\/diariodominicano.com\/index.php?rest_route=%2Fwp%2Fv2%2Fmedia&parent=122415"}],"wp:term":[{"taxonomy":"category","embeddable":true,"href":"https:\/\/diariodominicano.com\/index.php?rest_route=%2Fwp%2Fv2%2Fcategories&post=122415"},{"taxonomy":"post_tag","embeddable":true,"href":"https:\/\/diariodominicano.com\/index.php?rest_route=%2Fwp%2Fv2%2Ftags&post=122415"}],"curies":[{"name":"wp","href":"https:\/\/api.w.org\/{rel}","templated":true}]}}