{"id":122414,"date":"2007-12-31T19:21:35","date_gmt":"2007-12-31T19:21:35","guid":{"rendered":"http:\/\/diariodominicano.ddns.net\/?p=122414"},"modified":"2007-12-31T19:21:35","modified_gmt":"2007-12-31T19:21:35","slug":"federacion-colonos-del-este-respalda-molienda-en-el-ingenio-porvenir","status":"publish","type":"post","link":"https:\/\/diariodominicano.com\/?p=122414","title":{"rendered":"Federaci\u00f3n colonos del este, respalda molienda en el ingenio porvenir"},"content":{"rendered":"<p><body><\/p>\n<p class=\"titulogrande1\"><strong>Federaci\u00f3n colonos del este, respalda molienda en el ingenio porvenir <\/strong><\/p>\n<p>&#13;<\/p>\n<p align=\"justify\" class=\"text1noticias\"><img loading=\"lazy\" decoding=\"async\" src=\"http:\/\/localhost:8080\/economia\/pictures\/federacion colonos.jpg\" width=\"269\" height=\"625\" hspace=\"4\" align=\"left\" \/>Los productores de  ca\u00f1a agrupado en La Federaci\u00f3n de Colonos Azucareros y Afines de la Regi\u00f3n del  Este, externaron su apoyo a las autoridades del CEA, en el reinicio de la zafra  agr\u00edcolas en el Ingenio Porvenir anunciado para principio de a\u00f1o. <\/p>\n<p>&#13;<\/p>\n<p align=\"justify\" class=\"text1noticias\">La zafra agr\u00edcola en  el Ingenio Porvenir esta pautado para iniciarse a principio de enero, lo que ha  llenado de j\u00fabilo y alegr\u00eda a la poblaci\u00f3n de San Pedro de Macor\u00eds especialmente  a los colonos y sus familiares, quienes han expresado que seguir\u00e1n llevando su  ca\u00f1a a esa central azucarera por tres a\u00f1os consecutivos.\u00a0 <\/p>\n<p>&#13;<\/p>\n<p align=\"justify\" class=\"text1noticias\"> El presidente de la Federaci\u00f3n de Colonos  Azucareros y Afines de la Regi\u00f3n del Este, FECARE, confirm\u00f3 el pago por 68 millones 987 mil 191  pesos con 7 centavos, anunciado por el Director Ejecutivo del CEA, Doctor  Enrique Mart\u00ednez, en la que afirm\u00f3 que el Ingenio Porvenir no tiene deuda  pendiente con los productores por la ca\u00f1a suplida a la instituci\u00f3n.<\/p>\n<p>&#13;<\/p>\n<p align=\"justify\" class=\"text1noticias\">Nelson Vargas,  presidente de FECARE, aclar\u00f3 que la administraci\u00f3n del Ingenio Porvenir cancel\u00f3  la cuenta pendiente con el colonato por el tiro de ca\u00f1a en la pasada zafra  2006-2007, que termino en junio.<\/p>\n<p>&#13;<\/p>\n<p align=\"justify\" class=\"text1noticias\">\u00a8Con relaci\u00f3n a los colonos, la deuda con  nosotros esta saldada, hemos hecho dos zafra con el ingenio porvenir y no nos  podemos quejar \u00a8expres\u00f3 el dirigente de  los productores de ca\u00f1a del Este.<\/p>\n<p>&#13;<\/p>\n<p align=\"justify\" class=\"text1noticias\">Nelson Vargas, indic\u00f3  que los colonos est\u00e1n esperanzados en la zafra 2007-2008 a iniciarse en el mes  de enero, como lo anunciara el director ejecutivo del CEA.<\/p>\n<p>&#13;<\/p>\n<p align=\"justify\" class=\"text1noticias\">\u00a8Esperamos que se  realice la siguiente zafra para bienestar de los colonos y sus familiares y la  regi\u00f3n Este del pa\u00eds \u00a8apunto Nelson  Vargas.<\/p>\n<p>&#13;<\/p>\n<p align=\"justify\" class=\"text1noticias\">Expreso que hay una  disposici\u00f3n de las autoridades del CEA, para realizar una molienda exitosa en el Ingenio Porvenir, indicando que los  colonos dar\u00e1n su apoyo, suministrando  toda la ca\u00f1a necesaria a esa central azucarera.<\/p>\n<p>&#13;<\/p>\n<p align=\"justify\" class=\"text1noticias\">\u00a8Creemos que la  direcci\u00f3n de CEA, esta en la mejor disposici\u00f3n de realizar la zafra, al igual  que las dos anteriores en el ingenio porvenir, y contar con el concurso de los  colonos \u00a8aclar\u00f3 Nelson Vargas.<\/p>\n<p>&#13;<\/p>\n<p align=\"justify\" class=\"text1noticias\">Las autoridades del  CEA tienen programado para el mes de enero el inicio de la zafra agr\u00edcola en el  Ingenio Porvenir en San Pedro de Macor\u00eds.<\/p>\n<p>&#13;<\/p>\n<h6> 2007-12-31 19:21:35 <\/h6>\n<p><!--\n<link rel=\"stylesheet\" href=\"css\/bootstrap.min.css\">\n\n\n<ul class=\"pagination\">\n\t    \n\t\n\n<li >\n\t<a href='?page_no=28293'>Previous<\/a>\n\t<\/li>\n\n\n       \n    \n\n<li><a href='?page_no=1'>1<\/a><\/li>\n\n\n\n<li><a href='?page_no=2'>2<\/a><\/li>\n\n\n\n<li><a>...<\/a><\/li>\n\n\n\n<li><a href='?page_no=28292'>28292<\/a><\/li>\n\n\n\n<li><a href='?page_no=28293'>28293<\/a><\/li>\n\n\n\n<li class='active'><a>28294<\/a><\/li>\n\n\n\n<li><a href='?page_no=28295'>28295<\/a><\/li>\n\n\n\n<li><a href='?page_no=28296'>28296<\/a><\/li>\n\n\n\n<li><a>...<\/a><\/li>\n\n\n\n<li><a href='?page_no=30472'>30472<\/a><\/li>\n\n\n\n<li><a href='?page_no=30473'>30473<\/a><\/li>\n\n    \n\t\n\n<li >\n\t<a href='?page_no=28295'>Next<\/a>\n\t<\/li>\n\n\n    \n\n<li><a href='?page_no=30473'>Last &rsaquo;&rsaquo;<\/a><\/li>\n\n<\/ul>\n\n\n--><br \/>\n<\/body><\/p>\n","protected":false},"excerpt":{"rendered":"<p>Federaci\u00f3n colonos del este, respalda molienda en el ingenio porvenir &#13; Los productores de ca\u00f1a agrupado en La Federaci\u00f3n de Colonos Azucareros y Afines de la Regi\u00f3n del Este, externaron su apoyo a las autoridades del CEA, en el reinicio de la zafra agr\u00edcolas en el Ingenio Porvenir anunciado para principio de a\u00f1o. &#13; La [&hellip;]<\/p>\n","protected":false},"author":3,"featured_media":0,"comment_status":"open","ping_status":"open","sticky":false,"template":"","format":"standard","meta":{"footnotes":""},"categories":[18],"tags":[],"class_list":["post-122414","post","type-post","status-publish","format-standard","hentry","category-economia"],"_links":{"self":[{"href":"https:\/\/diariodominicano.com\/index.php?rest_route=\/wp\/v2\/posts\/122414","targetHints":{"allow":["GET"]}}],"collection":[{"href":"https:\/\/diariodominicano.com\/index.php?rest_route=\/wp\/v2\/posts"}],"about":[{"href":"https:\/\/diariodominicano.com\/index.php?rest_route=\/wp\/v2\/types\/post"}],"author":[{"embeddable":true,"href":"https:\/\/diariodominicano.com\/index.php?rest_route=\/wp\/v2\/users\/3"}],"replies":[{"embeddable":true,"href":"https:\/\/diariodominicano.com\/index.php?rest_route=%2Fwp%2Fv2%2Fcomments&post=122414"}],"version-history":[{"count":0,"href":"https:\/\/diariodominicano.com\/index.php?rest_route=\/wp\/v2\/posts\/122414\/revisions"}],"wp:attachment":[{"href":"https:\/\/diariodominicano.com\/index.php?rest_route=%2Fwp%2Fv2%2Fmedia&parent=122414"}],"wp:term":[{"taxonomy":"category","embeddable":true,"href":"https:\/\/diariodominicano.com\/index.php?rest_route=%2Fwp%2Fv2%2Fcategories&post=122414"},{"taxonomy":"post_tag","embeddable":true,"href":"https:\/\/diariodominicano.com\/index.php?rest_route=%2Fwp%2Fv2%2Ftags&post=122414"}],"curies":[{"name":"wp","href":"https:\/\/api.w.org\/{rel}","templated":true}]}}