{"id":122407,"date":"2008-01-01T19:23:14","date_gmt":"2008-01-01T19:23:14","guid":{"rendered":"http:\/\/diariodominicano.ddns.net\/?p=122407"},"modified":"2008-01-01T19:23:14","modified_gmt":"2008-01-01T19:23:14","slug":"tres-comunas-de-la-capital-chilena-permanecen-sin-luz-desde-la-medianoche","status":"publish","type":"post","link":"https:\/\/diariodominicano.com\/?p=122407","title":{"rendered":"Tres comunas de la capital chilena permanecen sin luz desde la medianoche"},"content":{"rendered":"<p><body><\/p>\n<h1 align=\"justify\" class=\"titulogrande1\">Tres comunas de la capital chilena\u00a0  permanecen sin luz desde la medianoche<\/h1>\n<p>&#13;<\/p>\n<p align=\"justify\" class=\"text1noticias\"><strong>SANTIAGO, Chile.-<\/strong> La empresa Chilectra asegur\u00f3 que la suspensi\u00f3n del  servicio que afect\u00f3 a 8 comunas durante la noche fue provocada por actos  vand\u00e1licos.<br \/>&#13;<br \/>\n  <br \/>&#13;<br \/>\n  Antes de la zona sur de la capital permanecen sin suministro el\u00e9ctrico desde  poco antes de la medianoche.<br \/>&#13;<br \/>\n  <br \/>&#13;<br \/>\n  Seg\u00fan inform\u00f3 Radio Cooperativa, la energ\u00eda comenz\u00f3 a reestablecerse en  algunos sectores cerca de las 08:30 de esta ma\u00f1ana, pero permanece suspendido  en Maip\u00fa, Cerro Navia y Cerrillos.<br \/>&#13;<br \/>\n  <br \/>&#13;<br \/>\n  La empresa Chilectra se\u00f1al\u00f3 que las causas del masivo corte de energ\u00eda  fueron actos vanda\u00e1licos registrados en algunos sectores, donde antisociales  lanzaron cadenazos al tendido el\u00e9ctrico.<br \/>&#13;<br \/>\n  <br \/>&#13;<br \/>\n  Asimismo, puntualiz\u00f3 que la reposici\u00f3n ha sido lenta debido a que los  ataques se registraron en \u00e1reas puntuales.<br \/>&#13;<br \/>\n  <br \/>&#13;<br \/>\n  La tercera<\/p>\n<p>&#13;<\/p>\n<h6> 2008-01-01 19:23:14 <\/h6>\n<p><!--\n<link rel=\"stylesheet\" href=\"css\/bootstrap.min.css\">\n\n\n<ul class=\"pagination\">\n\t    \n\t\n\n<li >\n\t<a href='?page_no=28286'>Previous<\/a>\n\t<\/li>\n\n\n       \n    \n\n<li><a href='?page_no=1'>1<\/a><\/li>\n\n\n\n<li><a href='?page_no=2'>2<\/a><\/li>\n\n\n\n<li><a>...<\/a><\/li>\n\n\n\n<li><a href='?page_no=28285'>28285<\/a><\/li>\n\n\n\n<li><a href='?page_no=28286'>28286<\/a><\/li>\n\n\n\n<li class='active'><a>28287<\/a><\/li>\n\n\n\n<li><a href='?page_no=28288'>28288<\/a><\/li>\n\n\n\n<li><a href='?page_no=28289'>28289<\/a><\/li>\n\n\n\n<li><a>...<\/a><\/li>\n\n\n\n<li><a href='?page_no=30472'>30472<\/a><\/li>\n\n\n\n<li><a href='?page_no=30473'>30473<\/a><\/li>\n\n    \n\t\n\n<li >\n\t<a href='?page_no=28288'>Next<\/a>\n\t<\/li>\n\n\n    \n\n<li><a href='?page_no=30473'>Last &rsaquo;&rsaquo;<\/a><\/li>\n\n<\/ul>\n\n\n--><br \/>\n<\/body><\/p>\n","protected":false},"excerpt":{"rendered":"<p>Tres comunas de la capital chilena\u00a0 permanecen sin luz desde la medianoche &#13; SANTIAGO, Chile.- La empresa Chilectra asegur\u00f3 que la suspensi\u00f3n del servicio que afect\u00f3 a 8 comunas durante la noche fue provocada por actos vand\u00e1licos.&#13; &#13; Antes de la zona sur de la capital permanecen sin suministro el\u00e9ctrico desde poco antes de la [&hellip;]<\/p>\n","protected":false},"author":3,"featured_media":0,"comment_status":"open","ping_status":"open","sticky":false,"template":"","format":"standard","meta":{"footnotes":""},"categories":[18],"tags":[],"class_list":["post-122407","post","type-post","status-publish","format-standard","hentry","category-economia"],"_links":{"self":[{"href":"https:\/\/diariodominicano.com\/index.php?rest_route=\/wp\/v2\/posts\/122407","targetHints":{"allow":["GET"]}}],"collection":[{"href":"https:\/\/diariodominicano.com\/index.php?rest_route=\/wp\/v2\/posts"}],"about":[{"href":"https:\/\/diariodominicano.com\/index.php?rest_route=\/wp\/v2\/types\/post"}],"author":[{"embeddable":true,"href":"https:\/\/diariodominicano.com\/index.php?rest_route=\/wp\/v2\/users\/3"}],"replies":[{"embeddable":true,"href":"https:\/\/diariodominicano.com\/index.php?rest_route=%2Fwp%2Fv2%2Fcomments&post=122407"}],"version-history":[{"count":0,"href":"https:\/\/diariodominicano.com\/index.php?rest_route=\/wp\/v2\/posts\/122407\/revisions"}],"wp:attachment":[{"href":"https:\/\/diariodominicano.com\/index.php?rest_route=%2Fwp%2Fv2%2Fmedia&parent=122407"}],"wp:term":[{"taxonomy":"category","embeddable":true,"href":"https:\/\/diariodominicano.com\/index.php?rest_route=%2Fwp%2Fv2%2Fcategories&post=122407"},{"taxonomy":"post_tag","embeddable":true,"href":"https:\/\/diariodominicano.com\/index.php?rest_route=%2Fwp%2Fv2%2Ftags&post=122407"}],"curies":[{"name":"wp","href":"https:\/\/api.w.org\/{rel}","templated":true}]}}