{"id":111128,"date":"2013-01-06T15:01:54","date_gmt":"2013-01-06T15:01:54","guid":{"rendered":"http:\/\/diariodominicano.ddns.net\/?p=111128"},"modified":"2025-03-31T22:07:52","modified_gmt":"2025-04-01T02:07:52","slug":"diputado-rafael-mendez-pide-evitar-cierre-de-la-industria-licorera-la-altagracia","status":"publish","type":"post","link":"https:\/\/diariodominicano.com\/?p=111128","title":{"rendered":"Diputado Rafael M\u00e9ndez pide evitar cierre de la Industria Licorera La Altagracia"},"content":{"rendered":"<p><body><\/p>\n<p><span class=\"text1noticias\">TEUDDY A. SANCHEZ<\/span><\/p>\n<\/p>\n<p><span class=\"text1noticias\">Rep. Dom. 6 de Enero.-El diputado  Rafael M\u00e9ndez llam\u00f3 a todos los ejecutivos de las empresas instaladas en la zona fronteriza a unirse a la lucha que libran los residentes  en esta ciudad y los dem\u00e1s pueblos del  lago Enriquillo, dirigida a evitar el  cierre de la  Industria Licorera La Altagracia (ILLA), que opera en  Galv\u00e1n, al amparo de la Ley de Incentivo Fronterizo (28-01).<\/span><\/p>\n<\/p>\n<p><span class=\"text1noticias\">El legislador oficialista hizo el llamado  al agotar un turno en la vigilia  realizada este s\u00e1bado, por cientos de personas de los diferentes sectores, en el Parque Central  de esta ciudad, donde pidieron al gobierno que impida el cierre de la referida  empresa, ya que ser\u00eda un duro golpe para la econom\u00eda de Galv\u00e1n y el resto de los pueblos de esta provincia, y criticaron duramente a quienes est\u00e1n detr\u00e1s de esto.<\/span><\/p>\n<\/p>\n<p><span class=\"text1noticias\">\u00abEsto que hoy nos pasa a nosotros ma\u00f1ana puede ocurrirle a ustedes, se\u00f1ores empresarios, por lo que le solicitamos unirse a nuestra lucha  para evitar que 127 personas que laboran en  la empresa ILLA  queden sin trabajo, si esta es cerrada\u00bb, expres\u00f3  M\u00e9ndez.<\/span><\/p>\n<\/p>\n<p><span class=\"text1noticias\">Dijo que est\u00e1 es la \u00fanica industria que est\u00e1 funcionando  en la regi\u00f3n del lago Enriquillo, por lo que plantear su sierre, es un atentado al desarrollo de esta zona. \u00abYa nos tienen de frente todos los que est\u00e1n detr\u00e1s de esta da\u00f1ina acci\u00f3n\u00bb.<\/span><\/p>\n<\/p>\n<p><span class=\"text1noticias\">Los residentes en esta ciudad y Galv\u00e1n se lanzaron a esta lucha luego de la demanda  incoada por la  Asociaci\u00f3n de Industrias de la Rep\u00fablica Dominicana (AIRD), a trav\u00e9s  de una acci\u00f3n cautelar, para que se disponga el cierre de la referida licorera y de otras empresas establecidas en la zona fronteriza al amparo de la ley 28-01.<\/span><\/p>\n<\/p>\n<p><span class=\"text1noticias\">La AIRD interpuso un recurso contencioso administrativo solicitando la suspensi\u00f3n de los permisos de operaci\u00f3n de las industrias fronterizas alegando que se vulneran los derechos de sus asociados porque supuestamente se crea una distorsi\u00f3n en el mercado nacional.<\/span><\/p>\n<\/p>\n<p><span class=\"text1noticias\">En el desarrollo de la vigilia hablaron dirigentes comunitarios, quienes prometieron luchar para frenar tan macabra intenciones que de materializarse dejar\u00eda sin trabajo a 127 personas, en un 50 por ciento mujeres, todos cabezas de hogar, de las cuales dependen unas 635 personas, y que adem\u00e1s, dejar\u00eda malparada la estrecha econom\u00eda de la zona.(HG<\/span>).<\/p>\n<\/p>\n<h6> 2013-01-06 15:01:54 <\/h6>\n<p><!--\n<link rel=\"stylesheet\" href=\"css\/bootstrap.min.css\">\n\n\n<ul class=\"pagination\">\n\t    \n\t\n\n<li >\n\t<a href='?page_no=17007'>Previous<\/a>\n\t<\/li>\n\n\n       \n    \n\n<li><a href='?page_no=1'>1<\/a><\/li>\n\n\n\n<li><a href='?page_no=2'>2<\/a><\/li>\n\n\n\n<li><a>...<\/a><\/li>\n\n\n\n<li><a href='?page_no=17006'>17006<\/a><\/li>\n\n\n\n<li><a href='?page_no=17007'>17007<\/a><\/li>\n\n\n\n<li class='active'><a>17008<\/a><\/li>\n\n\n\n<li><a href='?page_no=17009'>17009<\/a><\/li>\n\n\n\n<li><a href='?page_no=17010'>17010<\/a><\/li>\n\n\n\n<li><a>...<\/a><\/li>\n\n\n\n<li><a href='?page_no=30472'>30472<\/a><\/li>\n\n\n\n<li><a href='?page_no=30473'>30473<\/a><\/li>\n\n    \n\t\n\n<li >\n\t<a href='?page_no=17009'>Next<\/a>\n\t<\/li>\n\n\n    \n\n<li><a href='?page_no=30473'>Last &rsaquo;&rsaquo;<\/a><\/li>\n\n<\/ul>\n\n\n--><br \/>\n<\/body><\/p>\n","protected":false},"excerpt":{"rendered":"<p>TEUDDY A. SANCHEZ Rep. Dom. 6 de Enero.-El diputado Rafael M\u00e9ndez llam\u00f3 a todos los ejecutivos de las empresas instaladas en la zona fronteriza a unirse a la lucha que libran los residentes en esta ciudad y los dem\u00e1s pueblos del lago Enriquillo, dirigida a evitar el cierre de la Industria Licorera La Altagracia (ILLA), [&hellip;]<\/p>\n","protected":false},"author":3,"featured_media":585841,"comment_status":"open","ping_status":"open","sticky":false,"template":"","format":"standard","meta":{"footnotes":""},"categories":[18],"tags":[178],"class_list":["post-111128","post","type-post","status-publish","format-standard","has-post-thumbnail","hentry","category-economia","tag-rafael-mendez"],"_links":{"self":[{"href":"https:\/\/diariodominicano.com\/index.php?rest_route=\/wp\/v2\/posts\/111128","targetHints":{"allow":["GET"]}}],"collection":[{"href":"https:\/\/diariodominicano.com\/index.php?rest_route=\/wp\/v2\/posts"}],"about":[{"href":"https:\/\/diariodominicano.com\/index.php?rest_route=\/wp\/v2\/types\/post"}],"author":[{"embeddable":true,"href":"https:\/\/diariodominicano.com\/index.php?rest_route=\/wp\/v2\/users\/3"}],"replies":[{"embeddable":true,"href":"https:\/\/diariodominicano.com\/index.php?rest_route=%2Fwp%2Fv2%2Fcomments&post=111128"}],"version-history":[{"count":1,"href":"https:\/\/diariodominicano.com\/index.php?rest_route=\/wp\/v2\/posts\/111128\/revisions"}],"predecessor-version":[{"id":606932,"href":"https:\/\/diariodominicano.com\/index.php?rest_route=\/wp\/v2\/posts\/111128\/revisions\/606932"}],"wp:featuredmedia":[{"embeddable":true,"href":"https:\/\/diariodominicano.com\/index.php?rest_route=\/wp\/v2\/media\/585841"}],"wp:attachment":[{"href":"https:\/\/diariodominicano.com\/index.php?rest_route=%2Fwp%2Fv2%2Fmedia&parent=111128"}],"wp:term":[{"taxonomy":"category","embeddable":true,"href":"https:\/\/diariodominicano.com\/index.php?rest_route=%2Fwp%2Fv2%2Fcategories&post=111128"},{"taxonomy":"post_tag","embeddable":true,"href":"https:\/\/diariodominicano.com\/index.php?rest_route=%2Fwp%2Fv2%2Ftags&post=111128"}],"curies":[{"name":"wp","href":"https:\/\/api.w.org\/{rel}","templated":true}]}}