{"id":107885,"date":"2020-11-26T13:21:06","date_gmt":"2020-11-26T13:21:06","guid":{"rendered":"http:\/\/diariodominicano.ddns.net\/?p=107885"},"modified":"2020-11-26T13:21:06","modified_gmt":"2020-11-26T13:21:06","slug":"gobierno-dominicano-tiene-sumo-interes-en-las-exportaciones-de-productos-agropecuarios","status":"publish","type":"post","link":"https:\/\/diariodominicano.com\/?p=107885","title":{"rendered":"Gobierno dominicano tiene sumo inter\u00e9s en  las exportaciones de productos agropecuarios"},"content":{"rendered":"<p><body><\/p>\n<p><img decoding=\"async\" src=\"img3\/Agricultura26-11-20.jpeg\" \/>  <\/p>\n<p><span class=\"text1noticias\">diariodominicano.com<\/span><\/p>\n<p><span class=\"text1noticias\"> <\/span><\/p>\n<p><span class=\"text1noticias\">Santo Domingo, R. D., 26 de noviembre, 2020.- El ministro de Agricultura, Limber Cruz, declar\u00f3 que las relaciones comerciales y bilaterales con el vecino pa\u00eds de Hait\u00ed son importantes para la Rep\u00fablica Dominicana, ya que es un mercado cautivo y que se puede aperturar m\u00e1s aprovechando la cercan\u00eda y las facilidades de transporte y env\u00edo.  <\/span><\/p>\n<p><span class=\"text1noticias\"> <\/span><\/p>\n<p><span class=\"text1noticias\">Indic\u00f3 que a su llegada al Ministerio propuso realizar el mercado binacional con Hait\u00ed todos los d\u00edas de la semana, pero que para eso falta que haya una combinaci\u00f3n de ambos pa\u00edses que lo hagan posible. <\/span><\/p>\n<p><span class=\"text1noticias\">  <\/span><\/p>\n<p><span class=\"text1noticias\">Cruz se refiri\u00f3 a este y otros temas al participar de una entrevista en el programa Zol de la Ma\u00f1ana, donde indic\u00f3 que una de las metas del Gobierno es impulsar las relaciones y el comercio internacional, con m\u00e1s exportaciones de productos del agro dominicano.  <\/span><\/p>\n<p><span class=\"text1noticias\"> <\/span><\/p>\n<p><span class=\"text1noticias\">En cuanto al tema de los permisos de importaci\u00f3n, inform\u00f3 que las subastas que se realizaban a trav\u00e9s de la Bolsa Agroempresarial encarec\u00edan el precio de los productos agr\u00edcolas seg\u00fan estudios realizados, por lo que se cre\u00f3 un comit\u00e9 compuesto por cinco entidades que son quienes eval\u00faan las necesidades del mercado nacional.   <\/span><\/p>\n<p><span class=\"text1noticias\"> <\/span><\/p>\n<p><span class=\"text1noticias\">Se\u00f1al\u00f3 que junto a los miembros existentes se van a sumar: el Ministerio de Econom\u00eda, Planificaci\u00f3n y Desarrollo, y la Direcci\u00f3n de Compras y Contrataciones del Estado.   <\/span><\/p>\n<p><span class=\"text1noticias\"> <\/span><\/p>\n<p><span class=\"text1noticias\">Puso como ejemplo el ajo que se adquiere desde China llega a 30 pesos, y v\u00eda la subasta sale a 90 pesos y al comercializarse en los mercados se vend\u00eda hasta 250 pesos, colocando toda la carga en el consumidor.  <\/span><\/p>\n<p><span class=\"text1noticias\"> <\/span><\/p>\n<p><span class=\"text1noticias\">\u00abAhora mismo est\u00e1n bajando los precios de productos importados, porque lo que hemos hecho, con transparentar de una manera horizontal y participativa los permisos, a trav\u00e9s de medidas de nuestro Departamento de Planificaci\u00f3n que es quien sabe lo que tenemos en inventario\u00bb, explic\u00f3 Limber Cruz.  <\/span><\/p>\n<p><span class=\"text1noticias\"> <\/span><\/p>\n<p><span class=\"text1noticias\">Al referirse a los productos de origen org\u00e1nico, dijo que este tipo de mercado tiene dos v\u00edas, una mediante los laboratorios que certifican los productos y la otra, los mercados internacionales que son los que pautan los requisitos de los que quieren y las condicion<\/span>es para adquirirlos. <\/p>\n<\/p>\n<p>Fuente: Prensa Agricultura<\/p>\n<h6> 2020-11-26 13:21:06 <\/h6>\n<p><!--\n<link rel=\"stylesheet\" href=\"css\/bootstrap.min.css\">\n\n\n<ul class=\"pagination\">\n\t    \n\t\n\n<li >\n\t<a href='?page_no=8'>Previous<\/a>\n\t<\/li>\n\n\n       \n    \n\n<li><a href='?page_no=1'>1<\/a><\/li>\n\n\n\n<li><a href='?page_no=2'>2<\/a><\/li>\n\n\n\n<li><a>...<\/a><\/li>\n\n\n\n<li><a href='?page_no=7'>7<\/a><\/li>\n\n\n\n<li><a href='?page_no=8'>8<\/a><\/li>\n\n\n\n<li class='active'><a>9<\/a><\/li>\n\n\n\n<li><a href='?page_no=10'>10<\/a><\/li>\n\n\n\n<li><a href='?page_no=11'>11<\/a><\/li>\n\n\n\n<li><a>...<\/a><\/li>\n\n\n\n<li><a href='?page_no=30472'>30472<\/a><\/li>\n\n\n\n<li><a href='?page_no=30473'>30473<\/a><\/li>\n\n    \n\t\n\n<li >\n\t<a href='?page_no=10'>Next<\/a>\n\t<\/li>\n\n\n    \n\n<li><a href='?page_no=30473'>Last &rsaquo;&rsaquo;<\/a><\/li>\n\n<\/ul>\n\n\n--><br \/>\n<\/body><\/p>\n","protected":false},"excerpt":{"rendered":"<p>diariodominicano.com Santo Domingo, R. D., 26 de noviembre, 2020.- El ministro de Agricultura, Limber Cruz, declar\u00f3 que las relaciones comerciales y bilaterales con el vecino pa\u00eds de Hait\u00ed son importantes para la Rep\u00fablica Dominicana, ya que es un mercado cautivo y que se puede aperturar m\u00e1s aprovechando la cercan\u00eda y las facilidades de transporte y [&hellip;]<\/p>\n","protected":false},"author":3,"featured_media":0,"comment_status":"open","ping_status":"open","sticky":false,"template":"","format":"standard","meta":{"footnotes":""},"categories":[18],"tags":[],"class_list":["post-107885","post","type-post","status-publish","format-standard","hentry","category-economia"],"_links":{"self":[{"href":"https:\/\/diariodominicano.com\/index.php?rest_route=\/wp\/v2\/posts\/107885","targetHints":{"allow":["GET"]}}],"collection":[{"href":"https:\/\/diariodominicano.com\/index.php?rest_route=\/wp\/v2\/posts"}],"about":[{"href":"https:\/\/diariodominicano.com\/index.php?rest_route=\/wp\/v2\/types\/post"}],"author":[{"embeddable":true,"href":"https:\/\/diariodominicano.com\/index.php?rest_route=\/wp\/v2\/users\/3"}],"replies":[{"embeddable":true,"href":"https:\/\/diariodominicano.com\/index.php?rest_route=%2Fwp%2Fv2%2Fcomments&post=107885"}],"version-history":[{"count":0,"href":"https:\/\/diariodominicano.com\/index.php?rest_route=\/wp\/v2\/posts\/107885\/revisions"}],"wp:attachment":[{"href":"https:\/\/diariodominicano.com\/index.php?rest_route=%2Fwp%2Fv2%2Fmedia&parent=107885"}],"wp:term":[{"taxonomy":"category","embeddable":true,"href":"https:\/\/diariodominicano.com\/index.php?rest_route=%2Fwp%2Fv2%2Fcategories&post=107885"},{"taxonomy":"post_tag","embeddable":true,"href":"https:\/\/diariodominicano.com\/index.php?rest_route=%2Fwp%2Fv2%2Ftags&post=107885"}],"curies":[{"name":"wp","href":"https:\/\/api.w.org\/{rel}","templated":true}]}}