{"id":103441,"date":"2020-11-28T21:58:08","date_gmt":"2020-11-28T21:58:08","guid":{"rendered":"http:\/\/diariodominicano.ddns.net\/?p=103441"},"modified":"2020-11-28T21:58:08","modified_gmt":"2020-11-28T21:58:08","slug":"industriales-de-la-metalmecanica-anuncian-renovacion-de-maquinarias-para-mejorar-produccion-y-reducir-importacion-en-rd","status":"publish","type":"post","link":"https:\/\/diariodominicano.com\/?p=103441","title":{"rendered":"Industriales de la Metalmec\u00e1nica anuncian renovaci\u00f3n de maquinarias para mejorar producci\u00f3n y reducir importaci\u00f3n en RD"},"content":{"rendered":"<p><body><\/p>\n<p><img decoding=\"async\" src=\"img3\/juramentacion2.jpg\" \/><br \/><img decoding=\"async\" src=\"img3\/ASO5 (1).jpg\" \/>  <\/p>\n<p><strong>Diariodominicano.com<\/strong><\/p>\n<p><strong>Industriales de la Metalmec\u00e1nica anuncian renovaci\u00f3n de maquinarias para mejorar producci\u00f3n y reducir importaci\u00f3n en RD<\/strong><\/p>\n<p><strong> <\/strong><\/p>\n<p><strong>Santo Domingo.- <\/strong>En lo que considera un reto para propiciar la calidad para el consumo interno y reducir las importaciones, el sector de la metalmec\u00e1nica y metalurgia proyecta un Plan de Desarrollo que se cristalizar\u00e1 durante diez a\u00f1os, con el concurso de la Cooperativa Empresarial.<\/p>\n<p>El nuevo presidente de la Asociaci\u00f3n Nacional de Industrias Metalmec\u00e1nicas y Metal\u00fargica (ASONAMECA), Andr\u00e9s Arias Mej\u00eda, dijo que ya inici\u00f3 en octubre pasado el Programa de Financiamiento para Maquinarias y Equipos auspiciado por la Cooperativa Empresarial, que tambi\u00e9n incluye facilidades especiales para adquirir e instalar paneles solares. <\/p>\n<p>\u00abEste es el primer gran paso hacia nuestro ambicioso Plan de Desarrollo con que pretendemos mejoras sustanciales de nuestras instalaciones, que redundar\u00e1n en beneficio de la calidad de nuestros producto y la sustituci\u00f3n de las importaciones\u00bb, a\u00f1adi\u00f3.<\/p>\n<p>El gerente general de la Cooperativa Empresarial, Jos\u00e9 Joaqu\u00edn Suriel, enmarc\u00f3 el proyecto en su programa de apoyo de la entidad a los industriales de la metalmec\u00e1nica y todo el sector de la peque\u00f1a y mediana empresa.<\/p>\n<p>Signific\u00f3 que el programa de apoyo de la Cooperativa Empresarial se sustenta en financiamiento blando, con tasas de entre el 1 al 10.5 por ciento anual a cinco a\u00f1os.<\/p>\n<p>\u00abSomos una instituci\u00f3n profundamente comprometida con la peque\u00f1a y mediana empresa representada en quince gremios bases y nuestros servicios han sido orientados al crecimiento y desarrollo de ese sector\u00bb, recalc\u00f3 el gerente general de CoopEmpresarial.<\/p>\n<p>La Asociaci\u00f3n Nacional de la Metalmec\u00e1nica y Metal\u00fargica (ASONAMECA) posesion\u00f3 su Consejo Directivo 2020-2022, que preside Arias Mej\u00eda e integran Francisco Mateo Minaya, vicepresidente; Arismendy Tejada Estrella, tesorero; Silverio Reyes, secretario de actas, y Otto Flores, de educaci\u00f3n.<\/p>\n<p>Tambi\u00e9n asumieron Ana Mercedes Espino, de Relaciones Internacionales; Freddy D\u00edaz, organizaci\u00f3n; Venerado P\u00e9rez, Relaciones P\u00fablicas, y como vocales Mario D\u00b4Aleman, Julio Mieses y Ferm\u00edn \u00c1lvarez. El Tribunal disciplinario est\u00e1 compuesto por Jos\u00e9 Manuel Cabrera, Marcelino Rinc\u00f3n y Wilfredo Dunker.<\/p>\n<p>El presidente de ASONAMECA y el gerente general de la Cooperativa Empresarial intervinieron en la ceremonia de juramentaci\u00f3n de la nueva directiva de ASONAMECA por el director del Programa Nacional de Apoyo a la Micro, Peque\u00f1a y Mediana Empresa (PROMIPYME), Porfirio Peralta.<\/p>\n<p>En la misma ceremonia fueron reconocidos socios y personalidades p\u00fablicas por su colaboraci\u00f3n con el sector de la metalmec\u00e1nica y metalurgia, incluyendo al pasado director del Instituto de Formaci\u00f3n T\u00e9cnico Profesional (INFOTEP), Rafael Ovalles y los socios Samuel Dunker, Julio C\u00e9sar P\u00e9rez y Tom\u00e1s Batista. <\/p>\n<p>Foto 1.-<\/p>\n<p>El director ejecutivo de PROMIPYME, Porfirio Peralta, mientras juramenta el nuevo Consejo Directivo de ASONAMECA 2020-2022, que preside Andr\u00e9s Arias Mej\u00eda.<\/p>\n<\/p>\n<p>Foto 2.-<\/p>\n<p>Porfirio Peralta, director ejecutivo de PROMIPYME; Andr\u00e9s Arias Mej\u00eda, nuevo presidente de ASONAMECA, y el gerente general de la Cooperativa Empresarial, Jos\u00e9 Joaqu\u00edn Suriel.<\/p>\n<\/p>\n<h6> 2020-11-28 21:58:08 <\/h6>\n<p><!--\n<link rel=\"stylesheet\" href=\"css\/bootstrap.min.css\">\n\n\n<ul class=\"pagination\">\n\t    \n\t\n\n<li >\n\t<a href='?page_no=4'>Previous<\/a>\n\t<\/li>\n\n\n       \n    \n\n<li><a href='?page_no=1'>1<\/a><\/li>\n\n\n\n<li><a href='?page_no=2'>2<\/a><\/li>\n\n\n\n<li><a>...<\/a><\/li>\n\n\n\n<li><a href='?page_no=3'>3<\/a><\/li>\n\n\n\n<li><a href='?page_no=4'>4<\/a><\/li>\n\n\n\n<li class='active'><a>5<\/a><\/li>\n\n\n\n<li><a href='?page_no=6'>6<\/a><\/li>\n\n\n\n<li><a href='?page_no=7'>7<\/a><\/li>\n\n\n\n<li><a>...<\/a><\/li>\n\n\n\n<li><a href='?page_no=30472'>30472<\/a><\/li>\n\n\n\n<li><a href='?page_no=30473'>30473<\/a><\/li>\n\n    \n\t\n\n<li >\n\t<a href='?page_no=6'>Next<\/a>\n\t<\/li>\n\n\n    \n\n<li><a href='?page_no=30473'>Last &rsaquo;&rsaquo;<\/a><\/li>\n\n<\/ul>\n\n\n--><br \/>\n<\/body><\/p>\n","protected":false},"excerpt":{"rendered":"<p>Diariodominicano.com Industriales de la Metalmec\u00e1nica anuncian renovaci\u00f3n de maquinarias para mejorar producci\u00f3n y reducir importaci\u00f3n en RD Santo Domingo.- En lo que considera un reto para propiciar la calidad para el consumo interno y reducir las importaciones, el sector de la metalmec\u00e1nica y metalurgia proyecta un Plan de Desarrollo que se cristalizar\u00e1 durante diez a\u00f1os, [&hellip;]<\/p>\n","protected":false},"author":3,"featured_media":0,"comment_status":"open","ping_status":"open","sticky":false,"template":"","format":"standard","meta":{"footnotes":""},"categories":[18],"tags":[],"class_list":["post-103441","post","type-post","status-publish","format-standard","hentry","category-economia"],"_links":{"self":[{"href":"https:\/\/diariodominicano.com\/index.php?rest_route=\/wp\/v2\/posts\/103441","targetHints":{"allow":["GET"]}}],"collection":[{"href":"https:\/\/diariodominicano.com\/index.php?rest_route=\/wp\/v2\/posts"}],"about":[{"href":"https:\/\/diariodominicano.com\/index.php?rest_route=\/wp\/v2\/types\/post"}],"author":[{"embeddable":true,"href":"https:\/\/diariodominicano.com\/index.php?rest_route=\/wp\/v2\/users\/3"}],"replies":[{"embeddable":true,"href":"https:\/\/diariodominicano.com\/index.php?rest_route=%2Fwp%2Fv2%2Fcomments&post=103441"}],"version-history":[{"count":0,"href":"https:\/\/diariodominicano.com\/index.php?rest_route=\/wp\/v2\/posts\/103441\/revisions"}],"wp:attachment":[{"href":"https:\/\/diariodominicano.com\/index.php?rest_route=%2Fwp%2Fv2%2Fmedia&parent=103441"}],"wp:term":[{"taxonomy":"category","embeddable":true,"href":"https:\/\/diariodominicano.com\/index.php?rest_route=%2Fwp%2Fv2%2Fcategories&post=103441"},{"taxonomy":"post_tag","embeddable":true,"href":"https:\/\/diariodominicano.com\/index.php?rest_route=%2Fwp%2Fv2%2Ftags&post=103441"}],"curies":[{"name":"wp","href":"https:\/\/api.w.org\/{rel}","templated":true}]}}