{"id":102958,"date":"2018-01-03T12:26:00","date_gmt":"2018-01-03T12:26:00","guid":{"rendered":"http:\/\/diariodominicano.ddns.net\/?p=102958"},"modified":"2018-01-03T12:26:00","modified_gmt":"2018-01-03T12:26:00","slug":"economista-daris-javier-cuevas-destaca-el-crecimiento-del-pib-en-los-ultimos-10-anos-con-estabilidad-macroeconomica","status":"publish","type":"post","link":"https:\/\/diariodominicano.com\/?p=102958","title":{"rendered":"Economista Daris Javier Cuevas destaca el crecimiento del PIB en los \u00faltimos 10 a\u00f1os con estabilidad macroecon\u00f3mica"},"content":{"rendered":"<p><body><\/p>\n<p><img decoding=\"async\" src=\"img3\/cierree.jpg\" \/>  <\/p>\n<p>La econom\u00eda dominicana ha experimentado un fuerte crecimiento econ\u00f3mico en los \u00faltimos 10 a\u00f1os, cuyo impacto tangible ha sido una reducci\u00f3n significativa de la pobreza de hasta 30,5%, luego de alcanzar un 43.5%, destaca en un an\u00e1lisis el economista Daris Javier Cuevas, sub secretario de los Asuntos Econ\u00f3micos del Partido de la Liberaci\u00f3n Dominicana.<\/p>\n<\/p>\n<p>En el trabajo titulado \u00abEl Ciclo Econ\u00f3mico de Rep\u00fablica Dominicana\u00bb,   Daris Javier Cuevas, cita los organismos internacionales que resaltan que el crecimiento econ\u00f3mico dominicano en los \u00faltimos diez a\u00f1os, ha sido uno de los m\u00e1s fuertes de Am\u00e9rica Latina, logrando acumular tasa promedio de crecimiento del PIB de 7,1%.<\/p>\n<\/p>\n<p>En su an\u00e1lisis el tambi\u00e9n catedr\u00e1tico  hace saber que  el ciclo econ\u00f3mico considerado se divide realmente  en dos fases,  una primera,  considerada para el per\u00edodo 2006-2011 y una segunda fase para el 2012- 2017, los cuales aportan una idea objetiva del desempe\u00f1o de la econom\u00eda dominicana en ese per\u00edodo.<\/p>\n<\/p>\n<p>La primera fase, explica Daris Javier Cuevas, estuvo    precedida de \u00abla peor crisis por la que haya atravesada la econom\u00eda como resultado de una fuerte crisis cambiaria y bancaria, 2003-2004, el cual se manifest\u00f3 con una depreciaci\u00f3n de un 120% del peso dominicano y un colapso bancario con un costo fiscal de un 20% del PIB\u00bb.<\/p>\n<\/p>\n<p>Sostiene  que la  segunda fase del ciclo econ\u00f3mico dominicana  comprende el per\u00edodo 2012-2017, con caracter\u00edsticas diferentes ya que el entorno internacional no ha estado influenciado por eventos de crisis y los precios del petr\u00f3leo en el mercado mundial se mantienen relativamente estable, no obstante presentar  vulnerabilidad visible por los cambios que se han venido produciendo en el \u00e1mbito pol\u00edtico y econ\u00f3mico a nivel mundial que gravitan en el dise\u00f1o y ejecuci\u00f3n de la pol\u00edtica econ\u00f3mica local.<\/p>\n<\/p>\n<p>\u00abEn esta segunda fase es muy notoria la preservaci\u00f3n de la estabilidad macroecon\u00f3mica, la econom\u00eda mantiene su ritmo de crecimiento y el riesgo pa\u00eds ha disminuido sustancialmente, incluso, posicion\u00e1ndose, por debajo del promedio de Am\u00e9rica Latina, convirti\u00e9ndonos en un destino mucho m\u00e1s atractivo para la inversi\u00f3n extranjera en el contexto regional\u00bb, apunta el economista y dirigente del PLD, Daris Javier Cuevas en su an\u00e1lisis.<\/p>\n<\/p>\n<p>Concluye el trabajo afirmando al cerrar el ciclo con el a\u00f1o 2017, la econom\u00eda dominicana crecer\u00e1 alrededor de un 4.5%, lo que refleja que ha logrado un ciclo de crecimiento del PIB con estabilidad macroecon\u00f3mico sin precedente en la historia econ\u00f3mica contempor\u00e1nea de la Rep\u00fablica Dominicana, \u00abraz\u00f3n por el cual el informe Doing Bussines 2017 del Banco Mundial establece que el pa\u00eds agiliz\u00f3 los tr\u00e1mites para hacer negocios y mejorar la competitividad del pa\u00eds.\u00bb<\/p>\n<h6> 2018-01-03 12:26:00 <\/h6>\n<p><!--\n<link rel=\"stylesheet\" href=\"css\/bootstrap.min.css\">\n\n\n<ul class=\"pagination\">\n\t    \n\t\n\n<li >\n\t<a href='?page_no=4563'>Previous<\/a>\n\t<\/li>\n\n\n       \n    \n\n<li><a href='?page_no=1'>1<\/a><\/li>\n\n\n\n<li><a href='?page_no=2'>2<\/a><\/li>\n\n\n\n<li><a>...<\/a><\/li>\n\n\n\n<li><a href='?page_no=4562'>4562<\/a><\/li>\n\n\n\n<li><a href='?page_no=4563'>4563<\/a><\/li>\n\n\n\n<li class='active'><a>4564<\/a><\/li>\n\n\n\n<li><a href='?page_no=4565'>4565<\/a><\/li>\n\n\n\n<li><a href='?page_no=4566'>4566<\/a><\/li>\n\n\n\n<li><a>...<\/a><\/li>\n\n\n\n<li><a href='?page_no=30472'>30472<\/a><\/li>\n\n\n\n<li><a href='?page_no=30473'>30473<\/a><\/li>\n\n    \n\t\n\n<li >\n\t<a href='?page_no=4565'>Next<\/a>\n\t<\/li>\n\n\n    \n\n<li><a href='?page_no=30473'>Last &rsaquo;&rsaquo;<\/a><\/li>\n\n<\/ul>\n\n\n--><br \/>\n<\/body><\/p>\n","protected":false},"excerpt":{"rendered":"<p>La econom\u00eda dominicana ha experimentado un fuerte crecimiento econ\u00f3mico en los \u00faltimos 10 a\u00f1os, cuyo impacto tangible ha sido una reducci\u00f3n significativa de la pobreza de hasta 30,5%, luego de alcanzar un 43.5%, destaca en un an\u00e1lisis el economista Daris Javier Cuevas, sub secretario de los Asuntos Econ\u00f3micos del Partido de la Liberaci\u00f3n Dominicana. En [&hellip;]<\/p>\n","protected":false},"author":3,"featured_media":0,"comment_status":"open","ping_status":"open","sticky":false,"template":"","format":"standard","meta":{"footnotes":""},"categories":[18],"tags":[],"class_list":["post-102958","post","type-post","status-publish","format-standard","hentry","category-economia"],"_links":{"self":[{"href":"https:\/\/diariodominicano.com\/index.php?rest_route=\/wp\/v2\/posts\/102958","targetHints":{"allow":["GET"]}}],"collection":[{"href":"https:\/\/diariodominicano.com\/index.php?rest_route=\/wp\/v2\/posts"}],"about":[{"href":"https:\/\/diariodominicano.com\/index.php?rest_route=\/wp\/v2\/types\/post"}],"author":[{"embeddable":true,"href":"https:\/\/diariodominicano.com\/index.php?rest_route=\/wp\/v2\/users\/3"}],"replies":[{"embeddable":true,"href":"https:\/\/diariodominicano.com\/index.php?rest_route=%2Fwp%2Fv2%2Fcomments&post=102958"}],"version-history":[{"count":0,"href":"https:\/\/diariodominicano.com\/index.php?rest_route=\/wp\/v2\/posts\/102958\/revisions"}],"wp:attachment":[{"href":"https:\/\/diariodominicano.com\/index.php?rest_route=%2Fwp%2Fv2%2Fmedia&parent=102958"}],"wp:term":[{"taxonomy":"category","embeddable":true,"href":"https:\/\/diariodominicano.com\/index.php?rest_route=%2Fwp%2Fv2%2Fcategories&post=102958"},{"taxonomy":"post_tag","embeddable":true,"href":"https:\/\/diariodominicano.com\/index.php?rest_route=%2Fwp%2Fv2%2Ftags&post=102958"}],"curies":[{"name":"wp","href":"https:\/\/api.w.org\/{rel}","templated":true}]}}