{"id":102330,"date":"2020-11-29T09:47:58","date_gmt":"2020-11-29T09:47:58","guid":{"rendered":"http:\/\/diariodominicano.ddns.net\/?p=102330"},"modified":"2020-11-29T09:47:58","modified_gmt":"2020-11-29T09:47:58","slug":"asociacion-la-nacional-recibe-autorizacion-de-la-superintendencia-del-mercado-de-valores-simv-para-oferta-publica-de-deuda-subordinada","status":"publish","type":"post","link":"https:\/\/diariodominicano.com\/?p=102330","title":{"rendered":"Asociaci\u00f3n La Nacional recibe autorizaci\u00f3n de la  Superintendencia del Mercado de Valores (SIMV para Oferta P\u00fablica de Deuda Subordinada"},"content":{"rendered":"<p><body><\/p>\n<p><img decoding=\"async\" src=\"img3\/la nacional0.jpg\" \/>  <\/p>\n<p><strong>Diariodominicano.com<\/strong><\/p>\n<p><strong>Asociaci\u00f3n La Nacional recibe autorizaci\u00f3n de la  Superintendencia del Mercado de Valores (SIMV para Oferta P\u00fablica de Deuda Subordinada <\/strong><\/p>\n<\/p>\n<p><strong> Rafael Reyes Bison\u00f3. <\/strong><\/p>\n<\/p>\n<p><strong>Santo Domingo., RD 28 de noviembre 2020.<\/strong>  La Asociaci\u00f3n La Nacional de Ahorros y Pr\u00e9stamos recibe autorizaci\u00f3n para realizar una oferta p\u00fablica de valores de renta fija a trav\u00e9s de la emisi\u00f3n de Bonos de Deuda Subordinada de hasta RD$1, 500, 000,000.00. La misma fue aprobada por la Superintendencia del Mercado de Valores (SIMV) mediante la Primera Resoluci\u00f3n de fecha 19 de noviembre, inscrita en el Registro del Mercado de bajo el registro No. R-SIMV-2020-26-EV.   <\/p>\n<\/p>\n<p>Esta emisi\u00f3n estar\u00e1 dirigida a personas jur\u00eddicas, nacionales y extranjeras, con un plazo de vencimiento de hasta 10 a\u00f1os, un monto m\u00ednimo de inversi\u00f3n de RD$100.oo pesos y sin monto m\u00e1ximo definido en esta ocasi\u00f3n. Estos bonos ser\u00e1n colocados a trav\u00e9s de la Bolsa de Valores de la Rep\u00fablica Dominicana, a una atractiva tasa fija de inter\u00e9s anual, con cupones pagaderos trimestral o semestralmente. <\/p>\n<\/p>\n<p>La operaci\u00f3n fue estructurada por Inversiones Popular, S.A. quien act\u00faa como agente colocador de la emisi\u00f3n. El programa de esta emisi\u00f3n cuenta con una calificaci\u00f3n de riesgo de BBB+ por Feller Rate, y BBB (dom) por Fitch Ratings, para instrumentos de largo plazo; la calificaci\u00f3n de riesgo de La Nacional es de A- por Feller Rate y BBB+(dom) por Fitch Rating.  <\/p>\n<\/p>\n<\/p>\n<p>El Lic. Francisco Melo Chalas, Gerente General de La Nacional manifest\u00f3 que \u00abesta emisi\u00f3n de bonos de deuda subordinada nos permitir\u00e1 diversificar nuestras fuentes de financiamiento, incrementar el plazo de nuestros pasivos y seguir motorizando la colocaci\u00f3n de cr\u00e9ditos, principalmente los dirigidos a las peque\u00f1as y medianas empresas y a la adquisici\u00f3n de viviendas de bajo costo.\u00bb  <\/p>\n<\/p>\n<\/p>\n<p>La Nacional se sit\u00faa entre las entidades l\u00edderes del Sistema Financiero Dominicano, posici\u00f3n que viene dada por sus activos los cuales ascienden a RD$34,014MM al 31 de octubre del 2020. En sus 48 a\u00f1os de trayectoria La Nacional ha contribuido con la disminuci\u00f3n del d\u00e9ficit habitacional en la Rep\u00fablica Dominicana, convirtiendo su experiencia en el otorgamiento de cr\u00e9ditos hipotecarios para la adquisici\u00f3n de viviendas en una de sus fortalezas, misma que le ha permitido apoyar a miles de dominicanos en la mejora de su calidad de vida, a trav\u00e9s de la obtenci\u00f3n de un techo propio. <\/p>\n<\/p>\n<p> <strong>Rafael Reyes Bison\u00f3. <\/strong><\/p>\n<p><strong>E-mail: rafaelreyesbisono@hotmail.com<\/strong><\/p>\n<\/p>\n<h6> 2020-11-29 09:47:58 <\/h6>\n<p><!--\n<link rel=\"stylesheet\" href=\"css\/bootstrap.min.css\">\n\n\n<ul class=\"pagination\">\n\t    \n\t\n\n<li >\n\t<a href='?page_no=3'>Previous<\/a>\n\t<\/li>\n\n\n       \n    \n\n<li><a href='?page_no=1'>1<\/a><\/li>\n\n\n\n<li><a href='?page_no=2'>2<\/a><\/li>\n\n\n\n<li><a href='?page_no=3'>3<\/a><\/li>\n\n\n\n<li class='active'><a>4<\/a><\/li>\n\n\n\n<li><a href='?page_no=5'>5<\/a><\/li>\n\n\n\n<li><a href='?page_no=6'>6<\/a><\/li>\n\n\n\n<li><a href='?page_no=7'>7<\/a><\/li>\n\n\n\n<li><a>...<\/a><\/li>\n\n\n\n<li><a href='?page_no=30472'>30472<\/a><\/li>\n\n\n\n<li><a href='?page_no=30473'>30473<\/a><\/li>\n\n    \n\t\n\n<li >\n\t<a href='?page_no=5'>Next<\/a>\n\t<\/li>\n\n\n    \n\n<li><a href='?page_no=30473'>Last &rsaquo;&rsaquo;<\/a><\/li>\n\n<\/ul>\n\n\n--><br \/>\n<\/body><\/p>\n","protected":false},"excerpt":{"rendered":"<p>Diariodominicano.com Asociaci\u00f3n La Nacional recibe autorizaci\u00f3n de la Superintendencia del Mercado de Valores (SIMV para Oferta P\u00fablica de Deuda Subordinada Rafael Reyes Bison\u00f3. Santo Domingo., RD 28 de noviembre 2020. La Asociaci\u00f3n La Nacional de Ahorros y Pr\u00e9stamos recibe autorizaci\u00f3n para realizar una oferta p\u00fablica de valores de renta fija a trav\u00e9s de la emisi\u00f3n [&hellip;]<\/p>\n","protected":false},"author":3,"featured_media":0,"comment_status":"open","ping_status":"open","sticky":false,"template":"","format":"standard","meta":{"footnotes":""},"categories":[18],"tags":[],"class_list":["post-102330","post","type-post","status-publish","format-standard","hentry","category-economia"],"_links":{"self":[{"href":"https:\/\/diariodominicano.com\/index.php?rest_route=\/wp\/v2\/posts\/102330","targetHints":{"allow":["GET"]}}],"collection":[{"href":"https:\/\/diariodominicano.com\/index.php?rest_route=\/wp\/v2\/posts"}],"about":[{"href":"https:\/\/diariodominicano.com\/index.php?rest_route=\/wp\/v2\/types\/post"}],"author":[{"embeddable":true,"href":"https:\/\/diariodominicano.com\/index.php?rest_route=\/wp\/v2\/users\/3"}],"replies":[{"embeddable":true,"href":"https:\/\/diariodominicano.com\/index.php?rest_route=%2Fwp%2Fv2%2Fcomments&post=102330"}],"version-history":[{"count":0,"href":"https:\/\/diariodominicano.com\/index.php?rest_route=\/wp\/v2\/posts\/102330\/revisions"}],"wp:attachment":[{"href":"https:\/\/diariodominicano.com\/index.php?rest_route=%2Fwp%2Fv2%2Fmedia&parent=102330"}],"wp:term":[{"taxonomy":"category","embeddable":true,"href":"https:\/\/diariodominicano.com\/index.php?rest_route=%2Fwp%2Fv2%2Fcategories&post=102330"},{"taxonomy":"post_tag","embeddable":true,"href":"https:\/\/diariodominicano.com\/index.php?rest_route=%2Fwp%2Fv2%2Ftags&post=102330"}],"curies":[{"name":"wp","href":"https:\/\/api.w.org\/{rel}","templated":true}]}}