{"id":101219,"date":"2020-11-29T14:17:44","date_gmt":"2020-11-29T14:17:44","guid":{"rendered":"http:\/\/diariodominicano.ddns.net\/?p=101219"},"modified":"2020-11-29T14:17:44","modified_gmt":"2020-11-29T14:17:44","slug":"noel-urena-el-asociacionismo-esta-llamado-a-gestionar-retorno-a-la-normalidad-y-devolverle-el-dinamismo-al-sector","status":"publish","type":"post","link":"https:\/\/diariodominicano.com\/?p=101219","title":{"rendered":"Noel Ure\u00f1a el asociacionismo est\u00e1 llamado a gestionar retorno a la normalidad y devolverle el dinamismo al sector"},"content":{"rendered":"<p><body><\/p>\n<p><img decoding=\"async\" src=\"img3\/empreHerrera29-11-20.jpg\" \/>  <\/p>\n<p><span class=\"text1noticias\">diariodominicano.com<\/span><\/p>\n<p><span class=\"text1noticias\"> <\/span><\/p>\n<p><span class=\"text1noticias\">Santo Domingo, R. D., 29 de noviembre, 2020.- La Asociaci\u00f3n Nacional de Empresas e Industrias Herrera, (ANEIH), eligi\u00f3 el nuevo directorio ejecutivo que regir\u00e1 los destinos de la organizaci\u00f3n gremial durante el per\u00edodo 2021-2022, el cual estar\u00e1 encabezado por el prominente empresario de la industria cosm\u00e9tica capilar, Noel B. Ure\u00f1a Ceballos.<\/span><\/p>\n<p><span class=\"text1noticias\"> <\/span><\/p>\n<p><span class=\"text1noticias\">Ure\u00f1a Ceballos tomar\u00e1 posesi\u00f3n en el cargo en el mes de enero de 2021, y suceder\u00e1 en la presidencia a Leonel Castellanos Duarte quien culmina su mandato en diciembre del a\u00f1o en curso, tras agotar el per\u00edodo institucional 2019-202o.<\/span><\/p>\n<p><span class=\"text1noticias\"> <\/span><\/p>\n<p><span class=\"text1noticias\">El directorio ejecutivo es el \u00f3rgano de direcci\u00f3n y representaci\u00f3n de la Aneih, y fue electo por m\u00e1s de la mitad de los asociados con derecho a voto, en el transcurso de la Asamblea General Ordinaria celebrada el 24 de noviembre en la sede institucional, dando cumplimiento a lo establecido en los Estatutos Sociales que la rigen.<\/span><\/p>\n<p><span class=\"text1noticias\"> <\/span><\/p>\n<p><span class=\"text1noticias\">En el transcurso de la Asamblea, ente supremo del trazado institucional de la Aneih, se presentaron adem\u00e1s los informes de gesti\u00f3n del presidente y del tesorero relativos a sus respectivas gestiones comprendidas del 2019 al 2020, los cuales seg\u00fan la ordenanza institucional, fueron refrendados y descargados por la matricula de la membres\u00eda reunida en asamblea.<\/span><\/p>\n<p><span class=\"text1noticias\"> <\/span><\/p>\n<p><span class=\"text1noticias\">Al efecto, al }yesbozar su informe de rendici\u00f3n, Leonel Castellanos Duarte razon\u00f3 acerca de que la crisis que transita el pa\u00eds debido a los efectos de la pandemia, plantea complejos desaf\u00edos, que a su juicio &lt;&lt;solo la uni\u00f3n de esfuerzos del liderazgo nacional y la voluntad pol\u00edtica ayudar\u00e1n a lograr una recuperaci\u00f3n lo m\u00e1s s\u00f3lida posible, e impedir que m\u00e1s personas caigan en la pobreza y el desempleo&gt;&gt;.<\/span><\/p>\n<p><span class=\"text1noticias\"> <\/span><\/p>\n<p><span class=\"text1noticias\">&lt;&lt; Cada uno de nosotros debemos asumir la responsabilidad individual que nos corresponde desde el lugar que ocupemos, porque solo unidos en un prop\u00f3sito de bienestar com\u00fan podemos lograr adelante, teniendo en cuenta adem\u00e1s, que nuestra evoluci\u00f3n depender\u00e1 no solo del desempe\u00f1o sanitario sino tambi\u00e9n de las decisiones econ\u00f3micas que el pa\u00eds adopte&gt;&gt;, apunt\u00f3 Castellanos.<\/span><\/p>\n<p><span class=\"text1noticias\"> <\/span><\/p>\n<p><span class=\"text1noticias\">Por su parte Noel Ure\u00f1a, valor\u00f3 lo significativo del mandato que asumir\u00e1 en lo adelante, particularmente de cara a la coyuntura de crisis sanitaria, econ\u00f3mica y social que desenvuelve la naci\u00f3n, consignando en ese tenor que el asociacionismo est\u00e1 llamado a jugar un papel clave y altamente proactivo, en t\u00e9rminos de gestionar el reto que representa retomar la normalidad y devolverle el dinamismo al sector.<\/span><\/p>\n<p><span class=\"text1noticias\"> <\/span><\/p>\n<p><span class=\"text1noticias\">Ure\u00f1a Ceballos ha sido un integrante activo de las actividades gremiales del pa\u00eds, habiendo ocupado las presidencias de las asociaciones de Cl\u00faster de Belleza y   Ejecutivos de Marketing de Santo Domingo,  y desempe\u00f1ado din\u00e1micos roles en la C\u00e1mara Americana de Comercio y la Asociaci\u00f3n de Fabricantes de Productos para el Cuidado e Higiene Personal y del Hogar, entre otros gremios.<\/span><\/p>\n<p><span class=\"text1noticias\"> <\/span><\/p>\n<p><span class=\"text1noticias\">Adem\u00e1s de Noel B. Ure\u00f1a Ceballos, integran el nuevo directorio los se\u00f1ores Pedro Ure\u00f1a    y \u00c1ngelo Viro, primer y segundo vicepresidente respectivamente;  Euri And\u00fajar, secretario, y Desir\u00e9e Logro\u00f1o, en calidad de tesorera. Tambi\u00e9n Harry Heinsen,   Romy Grull\u00f3n, Rafael Holgu\u00edn, Pedro Ram\u00f3n L\u00f3pez y John Mart\u00ed Mej\u00eda, en funciones de vocales.           <\/span><\/p>\n<p><span class=\"text1noticias\"> <\/span><\/p>\n<p><span class=\"text1noticias\">Fuente: Rosa Mar\u00eda Jim\u00e9nez<\/span><\/p>\n<p><span class=\"text1noticias\">Martes 24 de nov<\/span>iembre de 2020<\/p>\n<h6> 2020-11-29 14:17:44 <\/h6>\n<p><!--\n<link rel=\"stylesheet\" href=\"css\/bootstrap.min.css\">\n\n\n<ul class=\"pagination\">\n\t    \n\t\n\n<li >\n\t<a href='?page_no=2'>Previous<\/a>\n\t<\/li>\n\n\n       \n    \n\n<li><a href='?page_no=1'>1<\/a><\/li>\n\n\n\n<li><a href='?page_no=2'>2<\/a><\/li>\n\n\n\n<li class='active'><a>3<\/a><\/li>\n\n\n\n<li><a href='?page_no=4'>4<\/a><\/li>\n\n\n\n<li><a href='?page_no=5'>5<\/a><\/li>\n\n\n\n<li><a href='?page_no=6'>6<\/a><\/li>\n\n\n\n<li><a href='?page_no=7'>7<\/a><\/li>\n\n\n\n<li><a>...<\/a><\/li>\n\n\n\n<li><a href='?page_no=30472'>30472<\/a><\/li>\n\n\n\n<li><a href='?page_no=30473'>30473<\/a><\/li>\n\n    \n\t\n\n<li >\n\t<a href='?page_no=4'>Next<\/a>\n\t<\/li>\n\n\n    \n\n<li><a href='?page_no=30473'>Last &rsaquo;&rsaquo;<\/a><\/li>\n\n<\/ul>\n\n\n--><br \/>\n<\/body><\/p>\n","protected":false},"excerpt":{"rendered":"<p>diariodominicano.com Santo Domingo, R. D., 29 de noviembre, 2020.- La Asociaci\u00f3n Nacional de Empresas e Industrias Herrera, (ANEIH), eligi\u00f3 el nuevo directorio ejecutivo que regir\u00e1 los destinos de la organizaci\u00f3n gremial durante el per\u00edodo 2021-2022, el cual estar\u00e1 encabezado por el prominente empresario de la industria cosm\u00e9tica capilar, Noel B. Ure\u00f1a Ceballos. Ure\u00f1a Ceballos tomar\u00e1 [&hellip;]<\/p>\n","protected":false},"author":3,"featured_media":0,"comment_status":"open","ping_status":"open","sticky":false,"template":"","format":"standard","meta":{"footnotes":""},"categories":[18],"tags":[],"class_list":["post-101219","post","type-post","status-publish","format-standard","hentry","category-economia"],"_links":{"self":[{"href":"https:\/\/diariodominicano.com\/index.php?rest_route=\/wp\/v2\/posts\/101219","targetHints":{"allow":["GET"]}}],"collection":[{"href":"https:\/\/diariodominicano.com\/index.php?rest_route=\/wp\/v2\/posts"}],"about":[{"href":"https:\/\/diariodominicano.com\/index.php?rest_route=\/wp\/v2\/types\/post"}],"author":[{"embeddable":true,"href":"https:\/\/diariodominicano.com\/index.php?rest_route=\/wp\/v2\/users\/3"}],"replies":[{"embeddable":true,"href":"https:\/\/diariodominicano.com\/index.php?rest_route=%2Fwp%2Fv2%2Fcomments&post=101219"}],"version-history":[{"count":0,"href":"https:\/\/diariodominicano.com\/index.php?rest_route=\/wp\/v2\/posts\/101219\/revisions"}],"wp:attachment":[{"href":"https:\/\/diariodominicano.com\/index.php?rest_route=%2Fwp%2Fv2%2Fmedia&parent=101219"}],"wp:term":[{"taxonomy":"category","embeddable":true,"href":"https:\/\/diariodominicano.com\/index.php?rest_route=%2Fwp%2Fv2%2Fcategories&post=101219"},{"taxonomy":"post_tag","embeddable":true,"href":"https:\/\/diariodominicano.com\/index.php?rest_route=%2Fwp%2Fv2%2Ftags&post=101219"}],"curies":[{"name":"wp","href":"https:\/\/api.w.org\/{rel}","templated":true}]}}