{"id":100553,"date":"2020-11-18T16:57:43","date_gmt":"2020-11-18T16:57:43","guid":{"rendered":"http:\/\/diariodominicano.ddns.net\/?p=100553"},"modified":"2020-11-18T16:57:43","modified_gmt":"2020-11-18T16:57:43","slug":"gobierno-relanza-la-industria-del-tabaco-para-consolidar-primacia-mundial-y-entrar-a-nuevos-mercados","status":"publish","type":"post","link":"https:\/\/diariodominicano.com\/?p=100553","title":{"rendered":"Gobierno relanza la industria del tabaco para consolidar primac\u00eda mundial y entrar a nuevos mercados"},"content":{"rendered":"<p><body><\/p>\n<p><span class=\"text1noticias\"> <\/span><\/p>\n<p><span class=\"text1noticias\">diariodominicano.com <\/span><\/p>\n<p><span class=\"text1noticias\"> <\/span><\/p>\n<p><span class=\"text1noticias\">Santiago, R. D., 18 de noviembre, 2020.- El presidente Luis Abinader anunci\u00f3 este mi\u00e9rcoles el relanzamiento de la industria del tabaco para consolidar al pa\u00eds como mayor exportador del mundo y entrar a nuevos mercados internacionales.<\/span><\/p>\n<p><span class=\"text1noticias\"> <\/span><\/p>\n<p><span class=\"text1noticias\">El mandatario inform\u00f3 que el Gobierno tiene un proyecto de ley para enviar al Congreso Nacional con el prop\u00f3sito de declarar el tabaco como patrimonio cultural de la Rep\u00fablica Dominicana.<\/span><\/p>\n<p><span class=\"text1noticias\"> <\/span><\/p>\n<p><span class=\"text1noticias\">Igualmente, gestionar\u00e1 que en los acuerdos de libre comercio se incluya al tabaco para mejorar su acceso preferencial en mercados internacionales.<\/span><\/p>\n<p><span class=\"text1noticias\"> <\/span><\/p>\n<p><span class=\"text1noticias\">El presidente dijo que esto se traduce en una mayor calidad del producto, aumento de las exportaciones y la creaci\u00f3n de nuevas oportunidades de trabajo para lograr la meta de los 600 mil empleos.<\/span><\/p>\n<p><span class=\"text1noticias\"> <\/span><\/p>\n<p><span class=\"text1noticias\">\u00abEste plan de la industria del tabaco busca mantener el posicionamiento de Rep\u00fablica Dominicana como l\u00edder mundial en exportaci\u00f3n\u00bb, precis\u00f3 el mandatario quien est\u00e1 completando una agenda de trabajo en Santiago de los Caballeros.<\/span><\/p>\n<p><span class=\"text1noticias\"> <\/span><\/p>\n<p><span class=\"text1noticias\">El presidente Abinader habl\u00f3 durante un acto celebrado en la gobernaci\u00f3n provincial, al que asistieron la vicepresidenta de la Rep\u00fablica, Raquel Pe\u00f1a; el presidente del Senado, Eduardo Estrella y los ministros Administrativo de la Presidencia, Jos\u00e9 Ignacio Paliza; Industria y Comercio, V\u00edctor -Ito- Bison\u00f3 y de Salud, Plutarco Arias.<\/span><\/p>\n<p><span class=\"text1noticias\"> <\/span><\/p>\n<p><span class=\"text1noticias\">Tambi\u00e9n, el director de Pro Industria, Ulises Rodr\u00edguez; el administrador de Edenorte, Andr\u00e9s Cueto y la gobernadora de Santiago, Rosa Santos.<\/span><\/p>\n<p><span class=\"text1noticias\"> <\/span><\/p>\n<p><span class=\"text1noticias\">Abinader inform\u00f3 que los cosecheros de tabaco, procesadores y fabricantes de cigarros tendr\u00e1n acceso a un programa de financiamiento a tasa preferencial que ayudar\u00e1 a mejorar la calidad e infraestructura de la producci\u00f3n tabacalera.<\/span><\/p>\n<p><span class=\"text1noticias\"> <\/span><\/p>\n<p><span class=\"text1noticias\">Resalt\u00f3 que se trata de una respuesta hist\u00f3rica que nunca se hab\u00eda producido en el pa\u00eds y reconoci\u00f3 que la industria del tabaco es de las que mayores aportes realizan a la econom\u00eda nacional.<\/span><\/p>\n<p><span class=\"text1noticias\"> <\/span><\/p>\n<p><span class=\"text1noticias\">Precis\u00f3 que las nuevas medidas van alineadas a la generaci\u00f3n de empleos, nuevas oportunidades de crecimiento y la reactivaci\u00f3n de la econom\u00eda dominicana.<\/span><\/p>\n<p><span class=\"text1noticias\"> <\/span><\/p>\n<p><span class=\"text1noticias\">Signific\u00f3 que la industria del tabaco genera m\u00e1s de 100 mil empleos directos, los que producen el sustento de miles de familias dominicanas.<\/span><\/p>\n<p><span class=\"text1noticias\"> <\/span><\/p>\n<p><span class=\"text1noticias\">Indic\u00f3 que el a\u00f1o pasado el pa\u00eds export\u00f3 cerca de 931 millones de d\u00f3lares en tabaco y suced\u00e1neo del tabaco elaborado.<\/span><\/p>\n<p><span class=\"text1noticias\"> <\/span><\/p>\n<p><span class=\"text1noticias\">Revel\u00f3 que fue el segundo rubro de mayor volumen, con el 15.8% del total por cap\u00edtulo arancelario de exportaciones de zonas francas.<\/span><\/p>\n<p><span class=\"text1noticias\"> <\/span><\/p>\n<p><span class=\"text1noticias\">El gobernante consider\u00f3 que para transformar la realidad que viven todos los pa\u00edses del mundo producto de la pandemia del COVID-19, la que afecta a la econom\u00eda mundial, se necesita de la uni\u00f3n de todos los sectores productivos.<\/span><\/p>\n<p><span class=\"text1noticias\"> <\/span><\/p>\n<p><span class=\"text1noticias\">Manifest\u00f3 que es urgente una correcta movilizaci\u00f3n de los instrumentos de inversi\u00f3n para lograr la reactivaci\u00f3n econ\u00f3mica.<\/span><\/p>\n<p><span class=\"text1noticias\"> <\/span><\/p>\n<p><span class=\"text1noticias\">L\u00edder en producci\u00f3n<\/span><\/p>\n<p><span class=\"text1noticias\"> <\/span><\/p>\n<p><span class=\"text1noticias\">El presidente Abinader destac\u00f3 que Santiago, la provincia l\u00edder en producci\u00f3n de tabaco, sirvi\u00f3 de escenario para dejar creada el 12 de septiembre pasado, una comisi\u00f3n para evaluar la situaci\u00f3n actual y relanzar la industria del producto en el pa\u00eds.<\/span><\/p>\n<p><span class=\"text1noticias\"> <\/span><\/p>\n<p><span class=\"text1noticias\">\u00abEs un producto l\u00edder en exportaci\u00f3n que pasea por el mundo el sello dominicano de calidad impregnado en cada hoja\u00bb, insisti\u00f3.<\/span><\/p>\n<p><span class=\"text1noticias\"> <\/span><\/p>\n<p><span class=\"text1noticias\">Plan en nueve ejes<\/span><\/p>\n<p><span class=\"text1noticias\"> <\/span><\/p>\n<p><span class=\"text1noticias\">El ministro de Industria y Comercio explic\u00f3 que el plan en favor de la industria del tabaco se enfoca en nueve ejes de trabajo que procuran elevar la competitividad de los cigarros dominicanos en el mercado local, as\u00ed como mejorar el acceso de nuestro tabaco y sus derivados en los mercados internacionales.<\/span><\/p>\n<p><span class=\"text1noticias\"> <\/span><\/p>\n<p><span class=\"text1noticias\">V\u00edctor (Ito) Bison\u00f3 expres\u00f3 que con la ayuda del Gobierno y un marco jur\u00eddico robusto y motivador, se dar\u00e1 un nuevo paso para la consolidaci\u00f3n del liderazgo mundial que ostenta el tabaco dominicano.<\/span><\/p>\n<p><span class=\"text1noticias\"> <\/span><\/p>\n<p><span class=\"text1noticias\">Indic\u00f3 que procuran articular esfuerzos interinstitucionales para enfrentar el comercio il\u00edcito que actua<\/span>lmente afecta al sector.<\/p>\n<h6> 2020-11-18 16:57:43 <\/h6>\n<p><!--\n<link rel=\"stylesheet\" href=\"css\/bootstrap.min.css\">\n\n\n<ul class=\"pagination\">\n\t    \n\t\n\n<li >\n\t<a href='?page_no=23'>Previous<\/a>\n\t<\/li>\n\n\n       \n    \n\n<li><a href='?page_no=1'>1<\/a><\/li>\n\n\n\n<li><a href='?page_no=2'>2<\/a><\/li>\n\n\n\n<li><a>...<\/a><\/li>\n\n\n\n<li><a href='?page_no=22'>22<\/a><\/li>\n\n\n\n<li><a href='?page_no=23'>23<\/a><\/li>\n\n\n\n<li class='active'><a>24<\/a><\/li>\n\n\n\n<li><a href='?page_no=25'>25<\/a><\/li>\n\n\n\n<li><a href='?page_no=26'>26<\/a><\/li>\n\n\n\n<li><a>...<\/a><\/li>\n\n\n\n<li><a href='?page_no=30472'>30472<\/a><\/li>\n\n\n\n<li><a href='?page_no=30473'>30473<\/a><\/li>\n\n    \n\t\n\n<li >\n\t<a href='?page_no=25'>Next<\/a>\n\t<\/li>\n\n\n    \n\n<li><a href='?page_no=30473'>Last &rsaquo;&rsaquo;<\/a><\/li>\n\n<\/ul>\n\n\n--><br \/>\n<\/body><\/p>\n","protected":false},"excerpt":{"rendered":"<p>diariodominicano.com Santiago, R. D., 18 de noviembre, 2020.- El presidente Luis Abinader anunci\u00f3 este mi\u00e9rcoles el relanzamiento de la industria del tabaco para consolidar al pa\u00eds como mayor exportador del mundo y entrar a nuevos mercados internacionales. El mandatario inform\u00f3 que el Gobierno tiene un proyecto de ley para enviar al Congreso Nacional con el [&hellip;]<\/p>\n","protected":false},"author":3,"featured_media":0,"comment_status":"open","ping_status":"open","sticky":false,"template":"","format":"standard","meta":{"footnotes":""},"categories":[18],"tags":[],"class_list":["post-100553","post","type-post","status-publish","format-standard","hentry","category-economia"],"_links":{"self":[{"href":"https:\/\/diariodominicano.com\/index.php?rest_route=\/wp\/v2\/posts\/100553","targetHints":{"allow":["GET"]}}],"collection":[{"href":"https:\/\/diariodominicano.com\/index.php?rest_route=\/wp\/v2\/posts"}],"about":[{"href":"https:\/\/diariodominicano.com\/index.php?rest_route=\/wp\/v2\/types\/post"}],"author":[{"embeddable":true,"href":"https:\/\/diariodominicano.com\/index.php?rest_route=\/wp\/v2\/users\/3"}],"replies":[{"embeddable":true,"href":"https:\/\/diariodominicano.com\/index.php?rest_route=%2Fwp%2Fv2%2Fcomments&post=100553"}],"version-history":[{"count":0,"href":"https:\/\/diariodominicano.com\/index.php?rest_route=\/wp\/v2\/posts\/100553\/revisions"}],"wp:attachment":[{"href":"https:\/\/diariodominicano.com\/index.php?rest_route=%2Fwp%2Fv2%2Fmedia&parent=100553"}],"wp:term":[{"taxonomy":"category","embeddable":true,"href":"https:\/\/diariodominicano.com\/index.php?rest_route=%2Fwp%2Fv2%2Fcategories&post=100553"},{"taxonomy":"post_tag","embeddable":true,"href":"https:\/\/diariodominicano.com\/index.php?rest_route=%2Fwp%2Fv2%2Ftags&post=100553"}],"curies":[{"name":"wp","href":"https:\/\/api.w.org\/{rel}","templated":true}]}}