{"id":100442,"date":"2020-11-19T13:38:04","date_gmt":"2020-11-19T13:38:04","guid":{"rendered":"http:\/\/diariodominicano.ddns.net\/?p=100442"},"modified":"2020-11-19T13:38:04","modified_gmt":"2020-11-19T13:38:04","slug":"recaudaciones-de-aduanas-aumentan-por-clima-de-confianza-en-gobierno","status":"publish","type":"post","link":"https:\/\/diariodominicano.com\/?p=100442","title":{"rendered":"Recaudaciones de Aduanas aumentan por clima de confianza en Gobierno"},"content":{"rendered":"<p><body><\/p>\n<p><img decoding=\"async\" src=\"img3\/Lovaton19-11-20.jpeg\" \/>  <\/p>\n<p><span class=\"text1noticias\">diariodominicano.com<\/span><\/p>\n<\/p>\n<p><span class=\"text1noticias\">Santo Domingo, R. D., 19 de noviembre, 2020.- El director de Aduanas, Eduardo Sanz Lovat\u00f3n, afirm\u00f3 que gracias a la confianza creada por el presidente Luis Abinader en el pa\u00eds las recaudaciones han aumentado de 442 millones de pesos diarios a m\u00e1s de 660 millones de pesos diarios.<\/span><\/p>\n<\/p>\n<p><span class=\"text1noticias\">\u00abLos primeros pasos del Gobierno del presidente Luis Abinader han generado un incremento en la inversi\u00f3n extranjera y nacional, y un clima de confianza en la Rep\u00fablica Dominicana en donde no ha habido sobresalto y las cosas comienzan a caminar bien\u00bb, expres\u00f3.<\/span><\/p>\n<\/p>\n<p><span class=\"text1noticias\">Sanz Lovat\u00f3n dijo que este crecimiento se debe a diferentes factores, ya que la econom\u00eda se transforma por la confianza y la transici\u00f3n democr\u00e1tica que se produce en el pa\u00eds.<\/span><\/p>\n<\/p>\n<p><span class=\"text1noticias\">Consider\u00f3 que la colocaci\u00f3n de los bonos en el exterior gener\u00f3 una sobre oferta, pero que debido al control que el Gobierno tiene a nivel econ\u00f3mico, ayud\u00f3 a la normalizaci\u00f3n del sector.<\/span><\/p>\n<\/p>\n<p><span class=\"text1noticias\">\u00abLa normalidad vuelve a Rep\u00fablica Dominicana paso a paso, y eso se refleja en las recaudaciones de aduanas\u00bb, declar\u00f3 Sanz Lovat\u00f3n al participar en el programa Hoy Mismo, transmitido por Color Visi\u00f3n, canal 9.<\/span><\/p>\n<\/p>\n<p><span class=\"text1noticias\">Presupuesto Complementario<\/span><\/p>\n<\/p>\n<p><span class=\"text1noticias\">Consider\u00f3 que el Presupuesto Complementario cumple la meta proyectada, porque se cumple en un 101%.<\/span><\/p>\n<\/p>\n<p><span class=\"text1noticias\">\u00abEn t\u00e9rminos de recaudaci\u00f3n en estos momentos, Aduanas est\u00e1 sacando buena nota. En agosto el promedio de recaudaci\u00f3n diaria era de 442 millones de pesos y ahora nos estamos acercando a los 660 millones de pesos diarios, lo que se traduce en un incremento significativo\u00bb, resalt\u00f3.<\/span><\/p>\n<\/p>\n<p><span class=\"text1noticias\">El funcionario manifest\u00f3 su optimismo en cuanto a lo que puedan lograr a nivel de tecnolog\u00eda y modernizaci\u00f3n de los procesos de Aduanas.<\/span><\/p>\n<\/p>\n<p><span class=\"text1noticias\">Gracia navide\u00f1a de 3 mil pesos.<\/span><\/p>\n<\/p>\n<p><span class=\"text1noticias\">Record\u00f3 que la Gracia Navide\u00f1a otorgada por el Gobierno este a\u00f1o es de tres mil d\u00f3lares y que entra en vigencia a partir del primero de diciembre.<\/span><\/p>\n<\/p>\n<p><span class=\"text1noticias\">El funcionario indic\u00f3 que la gracia es una manera de lograr que los dominicanos que viven en el exterior se sientan bien, ya que son un pulm\u00f3n de la econom\u00eda del pa\u00eds.<\/span><\/p>\n<\/p>\n<p><span class=\"text1noticias\">\u00abHay que buscar la manera que los dominicanos que llegan al pa\u00eds se sientan bienvenidos y acogidos para que todo sea m\u00e1s f\u00e1cil y acogedor para ellos\u00bb, manifest\u00f3.<\/span><\/p>\n<\/p>\n<p><span class=\"text1noticias\">Destac\u00f3 que el dinero que paga la gente de impuestos es para los ciudadanos que tienen menos recursos, para que puedan subir la escalera econ\u00f3mica.<\/span><\/p>\n<\/p>\n<p><span class=\"text1noticias\">Agreg\u00f3 que \u00abcada peso que recaudamos le hace falta al hospital Robert Read Cabral, a barrios como Gualey, Guachupita y al ministerio de Obras P\u00fablicas para asfaltar las calles\u00bb.<\/span><\/p>\n<\/p>\n<p><span class=\"text1noticias\">Convertir RD en centro log\u00edstico<\/span><\/p>\n<\/p>\n<p><span class=\"text1noticias\">El director general de Aduanas, Eduardo Sanz Lovat\u00f3n sostuvo que la misi\u00f3n que tienen es convertir al pa\u00eds en un \u00abHub Log\u00edstico\u00bb o lugar donde se re\u00fanan las cargas de la regi\u00f3n.<\/span><\/p>\n<\/p>\n<p><span class=\"text1noticias\">\u00abHay que aprovechar el hecho que estamos en el punto de inflexi\u00f3n de las grandes econom\u00edas del mundo como Estados Unidos, Europa y Sur Am\u00e9rica. Esto nos puede convertir en un puente de carga en toda la regi\u00f3n del caribe\u00bb, signific\u00f3.<\/span><\/p>\n<\/p>\n<p><span class=\"text1noticias\">Manifest\u00f3 que entiende que si se logra crear el \u00abHub Log\u00edstico\u00bb y se cobra dinero por la carga que no se consume en Rep\u00fablica Dominicana, sino que va a toda la regi\u00f3n, esto puede aumentar las recaudaciones del pa\u00eds en gran medida.<\/span><\/p>\n<\/p>\n<p><span class=\"text1noticias\">La tecnolog\u00eda<\/span><\/p>\n<\/p>\n<p><span class=\"text1noticias\">En torno a las nuevas tecnolog\u00edas dijo que tienen la meta de cuando termine la presente gesti\u00f3n, dejar los muelles y aeropuertos del pa\u00eds con equipos de scanner, rayos x y de detecci\u00f3n.<\/span><\/p>\n<\/p>\n<p><span class=\"text1noticias\">A su modo de ver, con voluntad pol\u00edtica decidida y el apoyo que tienen del presidente, esto se lograr\u00e1 \u00abporque es un contra sentido que actualmente se est\u00e9 contando con los ojos, debido al poco inter\u00e9s de las pasadas autoridades\u00bb.<\/span><\/p>\n<\/p>\n<p><span class=\"text1noticias\">Contrabando en la frontera<\/span><\/p>\n<\/p>\n<p><span class=\"text1noticias\">Inform\u00f3 que para controlar las aduanas en la frontera se trabaja de la mano con el Ministerio de Defensa, la Direcci\u00f3n Nacional de Control de Drogas (DNCD) y los organismos de inteligencia.<\/span><\/p>\n<\/p>\n<p><span class=\"text1noticias\">Dijo que tienen una mesa de trabajo y que hay un subdirector de Aduanas que trabaja constantemente con los organismos de <\/span>inteligencia.<\/p>\n<\/p>\n<p><span class=\"text1noticias\">Fuente: Presidencia de la Rep\u00fablica Dominicana<\/span><\/p>\n<p><span class=\"text1noticias\">Noticias<\/span><\/p>\n<h6> 2020-11-19 13:38:04 <\/h6>\n<p><!--\n<link rel=\"stylesheet\" href=\"css\/bootstrap.min.css\">\n\n\n<ul class=\"pagination\">\n\t    \n\t\n\n<li >\n\t<a href='?page_no=22'>Previous<\/a>\n\t<\/li>\n\n\n       \n    \n\n<li><a href='?page_no=1'>1<\/a><\/li>\n\n\n\n<li><a href='?page_no=2'>2<\/a><\/li>\n\n\n\n<li><a>...<\/a><\/li>\n\n\n\n<li><a href='?page_no=21'>21<\/a><\/li>\n\n\n\n<li><a href='?page_no=22'>22<\/a><\/li>\n\n\n\n<li class='active'><a>23<\/a><\/li>\n\n\n\n<li><a href='?page_no=24'>24<\/a><\/li>\n\n\n\n<li><a href='?page_no=25'>25<\/a><\/li>\n\n\n\n<li><a>...<\/a><\/li>\n\n\n\n<li><a href='?page_no=30472'>30472<\/a><\/li>\n\n\n\n<li><a href='?page_no=30473'>30473<\/a><\/li>\n\n    \n\t\n\n<li >\n\t<a href='?page_no=24'>Next<\/a>\n\t<\/li>\n\n\n    \n\n<li><a href='?page_no=30473'>Last &rsaquo;&rsaquo;<\/a><\/li>\n\n<\/ul>\n\n\n--><br \/>\n<\/body><\/p>\n","protected":false},"excerpt":{"rendered":"<p>diariodominicano.com Santo Domingo, R. D., 19 de noviembre, 2020.- El director de Aduanas, Eduardo Sanz Lovat\u00f3n, afirm\u00f3 que gracias a la confianza creada por el presidente Luis Abinader en el pa\u00eds las recaudaciones han aumentado de 442 millones de pesos diarios a m\u00e1s de 660 millones de pesos diarios. \u00abLos primeros pasos del Gobierno del [&hellip;]<\/p>\n","protected":false},"author":3,"featured_media":0,"comment_status":"open","ping_status":"open","sticky":false,"template":"","format":"standard","meta":{"footnotes":""},"categories":[18],"tags":[],"class_list":["post-100442","post","type-post","status-publish","format-standard","hentry","category-economia"],"_links":{"self":[{"href":"https:\/\/diariodominicano.com\/index.php?rest_route=\/wp\/v2\/posts\/100442","targetHints":{"allow":["GET"]}}],"collection":[{"href":"https:\/\/diariodominicano.com\/index.php?rest_route=\/wp\/v2\/posts"}],"about":[{"href":"https:\/\/diariodominicano.com\/index.php?rest_route=\/wp\/v2\/types\/post"}],"author":[{"embeddable":true,"href":"https:\/\/diariodominicano.com\/index.php?rest_route=\/wp\/v2\/users\/3"}],"replies":[{"embeddable":true,"href":"https:\/\/diariodominicano.com\/index.php?rest_route=%2Fwp%2Fv2%2Fcomments&post=100442"}],"version-history":[{"count":0,"href":"https:\/\/diariodominicano.com\/index.php?rest_route=\/wp\/v2\/posts\/100442\/revisions"}],"wp:attachment":[{"href":"https:\/\/diariodominicano.com\/index.php?rest_route=%2Fwp%2Fv2%2Fmedia&parent=100442"}],"wp:term":[{"taxonomy":"category","embeddable":true,"href":"https:\/\/diariodominicano.com\/index.php?rest_route=%2Fwp%2Fv2%2Fcategories&post=100442"},{"taxonomy":"post_tag","embeddable":true,"href":"https:\/\/diariodominicano.com\/index.php?rest_route=%2Fwp%2Fv2%2Ftags&post=100442"}],"curies":[{"name":"wp","href":"https:\/\/api.w.org\/{rel}","templated":true}]}}