{"id":100109,"date":"2020-11-21T00:05:33","date_gmt":"2020-11-21T00:05:33","guid":{"rendered":"http:\/\/diariodominicano.ddns.net\/?p=100109"},"modified":"2020-11-21T00:05:33","modified_gmt":"2020-11-21T00:05:33","slug":"gobierno-financiara-rd1000-millones-a-tasa-cero-a-productores-cafe","status":"publish","type":"post","link":"https:\/\/diariodominicano.com\/?p=100109","title":{"rendered":"Gobierno financiar\u00e1 RD$1,000 millones a tasa cero a productores caf\u00e9"},"content":{"rendered":"<p><body><\/p>\n<p><img decoding=\"async\" src=\"img3\/PteAbinader20-11-20.jpeg\" \/>  <\/p>\n<p><span class=\"text1noticias\"> <\/span><\/p>\n<p><span class=\"text1noticias\">diariodominicano.com<\/span><\/p>\n<p><span class=\"text1noticias\"> <\/span><\/p>\n<p><span class=\"text1noticias\">Rancho Arriba, San Jos\u00e9 de Ocoa, R. D., 20 de noviembre, 2020.- El presidente Luis Abinader anunci\u00f3 este viernes que el Gobierno prestar\u00e1 mil millones de pesos, a tasa cero, para productores de caf\u00e9 con el fin de mejorar los campos y disminuir la pobreza en el pa\u00eds.<\/span><\/p>\n<p><span class=\"text1noticias\"> <\/span><\/p>\n<p><span class=\"text1noticias\">El mandarino ofreci\u00f3 la informaci\u00f3n al encabezar el acto de inicio de la cosecha cafetalera de este a\u00f1o, realizado en las instalaciones del Centro de Reproducci\u00f3n de Nuevas Variedades de Caf\u00e9 de Industrias Banilejas, en Rancho Arriba, provincia de San Jos\u00e9 de Ocoa.<\/span><\/p>\n<p><span class=\"text1noticias\"> <\/span><\/p>\n<p><span class=\"text1noticias\">Abinader mostr\u00f3 el inter\u00e9s del Gobierno en contribuir en la recuperaci\u00f3n de la producci\u00f3n de caf\u00e9 en el pa\u00eds para bien de todos los productores nacionales.<\/span><\/p>\n<p><span class=\"text1noticias\"> <\/span><\/p>\n<p><span class=\"text1noticias\">Plante\u00f3 la necesidad de una alianza p\u00fablico-privada para superar los males que afectan la producci\u00f3n de caf\u00e9 y para superar la pobreza que afecta a la mayor\u00eda de los habitantes que residen en las poblaciones de la regi\u00f3n sur visitadas.<\/span><\/p>\n<p><span class=\"text1noticias\"> <\/span><\/p>\n<p><span class=\"text1noticias\">Dijo que aun cuando no es un especialista, sabe de econom\u00eda, por lo que reconoci\u00f3 que hace falta apoyo en favor de los productores de caf\u00e9, al tiempo de anunciar que el Gobierno va a dar ese apoyo.<\/span><\/p>\n<p><span class=\"text1noticias\"> <\/span><\/p>\n<p><span class=\"text1noticias\">El mandatario recibi\u00f3 del presidente de Industrias Banilejas (Induban), Manuel Pozo Perell\u00f3, una donaci\u00f3n de dos toneladas de semillas y de 100 mil plantas germinadas de caf\u00e9 para apoyar el Plan Nacional de Recuperaci\u00f3n de la Producci\u00f3n de Caf\u00e9.<\/span><\/p>\n<p><span class=\"text1noticias\"> <\/span><\/p>\n<p><span class=\"text1noticias\">Durante el conversatorio, el gobernante recibi\u00f3 el plan para recuperar el sector cafetalero y el manual de cosecha segura que elabor\u00f3 Induban y que aplican los productores del grano para evitar contagios de los trabajadores debido a la pandemia de COVID-19.<\/span><\/p>\n<p><span class=\"text1noticias\"> <\/span><\/p>\n<p><span class=\"text1noticias\">Ejecutivos reciben al presidente<\/span><\/p>\n<p><span class=\"text1noticias\"> <\/span><\/p>\n<p><span class=\"text1noticias\">El gobernante fue recibido por Manuel Pozo Perell\u00f3, presidente ejecutivo de Industrias Banilejas (Induban), quien lo felicit\u00f3 por el trabajo que realiza al frente del Estado.<\/span><\/p>\n<p><span class=\"text1noticias\"> <\/span><\/p>\n<p><span class=\"text1noticias\">Pozo Perell\u00f3 mostr\u00f3 al mandatario las nuevas variedades introducidas al pa\u00eds por la empresa, las que han superado la etapa de adaptaci\u00f3n y han demostrado ser confiables para la siembra en distintas zonas del pa\u00eds.<\/span><\/p>\n<p><span class=\"text1noticias\"> <\/span><\/p>\n<p><span class=\"text1noticias\">Indic\u00f3 que la Roya del Caf\u00e9 se llev\u00f3 el 70% de la producci\u00f3n nacional, raz\u00f3n por la que hubo que eliminar m\u00e1s de dos mil tareas del producto.<\/span><\/p>\n<p><span class=\"text1noticias\"> <\/span><\/p>\n<p><span class=\"text1noticias\">Inform\u00f3 que las nuevas variedades son: Obat\u00e1, Tup\u00ed, CR-95, RA-15, Acawa, Iapar-59, Marsellesa y Lempira, que constituyen la apuesta de la empresa para recuperar la caficultura dominicana.<\/span><\/p>\n<p><span class=\"text1noticias\"> <\/span><\/p>\n<p><span class=\"text1noticias\">El mandatario escuch\u00f3 las explicaciones sobre las nuevas plantaciones del ingeniero Carlos Fonseca, gerente t\u00e9cnico del Instituto del Caf\u00e9 de Costa Rica, y de la licenciada Laura Esquivel, consultora especialista en caf\u00e9, quienes jugaron un rol protag\u00f3nico en el proceso de recuperaci\u00f3n de la caficultura en la regi\u00f3n de Centroam\u00e9rica.<\/span><\/p>\n<p><span class=\"text1noticias\"> <\/span><\/p>\n<p><span class=\"text1noticias\">El presidente de Induban indic\u00f3 que los dos especialistas en caf\u00e9 fueron contratados por Ia empresa para brindar soporte al Gobierno dominicano e impulsar el desarrollo de la industria cafetera en el pa\u00eds.<\/span><\/p>\n<p><span class=\"text1noticias\"> <\/span><\/p>\n<p><span class=\"text1noticias\">Manuel Pozo Perell\u00f3 entreg\u00f3 al gobernante el protocolo de cosecha segura en medio de la pandemia, elaborado por la empresa y distribuido entre los productores de todo el pa\u00eds.<\/span><\/p>\n<p><span class=\"text1noticias\"> <\/span><\/p>\n<p><span class=\"text1noticias\">Revel\u00f3 que donaron 100 mil plantas y dos toneladas de semillas de caf\u00e9 de variedades resistentes a la Roya, para afianzar su compromiso con la caficultura y el medio ambiente de la Rep\u00fablica Dominicana.<\/span><\/p>\n<p><span class=\"text1noticias\"> <\/span><\/p>\n<p><span class=\"text1noticias\">Dijo que la producci\u00f3n nacional de caf\u00e9 que en las d\u00e9cadas de los 60 y los 70 lleg\u00f3 a exportar hasta un mill\u00f3n de quintales, pero que en la actualidad ha sufrido una ca\u00edda por causas externas e internas.<\/span><\/p>\n<p><span class=\"text1noticias\"> <\/span><\/p>\n<p><span class=\"text1noticias\">Manifest\u00f3 su esperanza en que el proceso de recuperaci\u00f3n permita al pa\u00eds recuperar el ingreso en divisas que antes signific\u00f3 millones de d\u00f3lares.<\/span><\/p>\n<p><span class=\"text1noticias\"> <\/span><\/p>\n<p><span class=\"text1noticias\">Precis\u00f3 que Costa Rica ha logrado una recuperaci\u00f3n que le permite producir m\u00e1s de dos millones de quintales al a\u00f1o, gracias al uso de nuevas variedades, tecnolog\u00edas y asistencia al productor, por lo que su productividad promedia casi dos quintales por tarea.<\/span><\/p>\n<p><span class=\"text1noticias\"> <\/span><\/p>\n<p><span class=\"text1noticias\">En la actividad participaron por el gobierno el ministro de Agricultura, Limber Cruz; de Defensa, teniente general Carlos Luciano D\u00edaz Morfa; el administrador del Banco Agr\u00edcola, Fernando Dur\u00e1n; el director Ejecutivo del Instituto Dominicano del Caf\u00e9 (INDOCAFE), Le\u00f3nidas Batista D\u00edaz, la gobernadora de la provincia, Oliva Castillo y el alcalde de Rancho Arriba, Alcedo de los Santos.<\/span><\/p>\n<p><span class=\"text1noticias\"> <\/span><\/p>\n<p><span class=\"text1noticias\">Mientras que por Induban estuvieron presentes su vicepresidente ejecutivo, Jorge Perell\u00f3 Abreu; el director de Caf\u00e9 Verde, H\u00e9ctor Guerrero Noyer y Alan Ortega Perell\u00f3, encargado del Sistema de Fact<\/span>or\u00edas de la empresa.<\/p>\n<\/p>\n<p>Fuente: Presidencia de la Rep\u00fablica Dominicana<\/p>\n<p>Noticias<\/p>\n<h6> 2020-11-21 00:05:33 <\/h6>\n<p><!--\n<link rel=\"stylesheet\" href=\"css\/bootstrap.min.css\">\n\n\n<ul class=\"pagination\">\n\t    \n\t\n\n<li >\n\t<a href='?page_no=19'>Previous<\/a>\n\t<\/li>\n\n\n       \n    \n\n<li><a href='?page_no=1'>1<\/a><\/li>\n\n\n\n<li><a href='?page_no=2'>2<\/a><\/li>\n\n\n\n<li><a>...<\/a><\/li>\n\n\n\n<li><a href='?page_no=18'>18<\/a><\/li>\n\n\n\n<li><a href='?page_no=19'>19<\/a><\/li>\n\n\n\n<li class='active'><a>20<\/a><\/li>\n\n\n\n<li><a href='?page_no=21'>21<\/a><\/li>\n\n\n\n<li><a href='?page_no=22'>22<\/a><\/li>\n\n\n\n<li><a>...<\/a><\/li>\n\n\n\n<li><a href='?page_no=30472'>30472<\/a><\/li>\n\n\n\n<li><a href='?page_no=30473'>30473<\/a><\/li>\n\n    \n\t\n\n<li >\n\t<a href='?page_no=21'>Next<\/a>\n\t<\/li>\n\n\n    \n\n<li><a href='?page_no=30473'>Last &rsaquo;&rsaquo;<\/a><\/li>\n\n<\/ul>\n\n\n--><br \/>\n<\/body><\/p>\n","protected":false},"excerpt":{"rendered":"<p>diariodominicano.com Rancho Arriba, San Jos\u00e9 de Ocoa, R. D., 20 de noviembre, 2020.- El presidente Luis Abinader anunci\u00f3 este viernes que el Gobierno prestar\u00e1 mil millones de pesos, a tasa cero, para productores de caf\u00e9 con el fin de mejorar los campos y disminuir la pobreza en el pa\u00eds. El mandarino ofreci\u00f3 la informaci\u00f3n al [&hellip;]<\/p>\n","protected":false},"author":3,"featured_media":0,"comment_status":"open","ping_status":"open","sticky":false,"template":"","format":"standard","meta":{"footnotes":""},"categories":[18],"tags":[],"class_list":["post-100109","post","type-post","status-publish","format-standard","hentry","category-economia"],"_links":{"self":[{"href":"https:\/\/diariodominicano.com\/index.php?rest_route=\/wp\/v2\/posts\/100109","targetHints":{"allow":["GET"]}}],"collection":[{"href":"https:\/\/diariodominicano.com\/index.php?rest_route=\/wp\/v2\/posts"}],"about":[{"href":"https:\/\/diariodominicano.com\/index.php?rest_route=\/wp\/v2\/types\/post"}],"author":[{"embeddable":true,"href":"https:\/\/diariodominicano.com\/index.php?rest_route=\/wp\/v2\/users\/3"}],"replies":[{"embeddable":true,"href":"https:\/\/diariodominicano.com\/index.php?rest_route=%2Fwp%2Fv2%2Fcomments&post=100109"}],"version-history":[{"count":0,"href":"https:\/\/diariodominicano.com\/index.php?rest_route=\/wp\/v2\/posts\/100109\/revisions"}],"wp:attachment":[{"href":"https:\/\/diariodominicano.com\/index.php?rest_route=%2Fwp%2Fv2%2Fmedia&parent=100109"}],"wp:term":[{"taxonomy":"category","embeddable":true,"href":"https:\/\/diariodominicano.com\/index.php?rest_route=%2Fwp%2Fv2%2Fcategories&post=100109"},{"taxonomy":"post_tag","embeddable":true,"href":"https:\/\/diariodominicano.com\/index.php?rest_route=%2Fwp%2Fv2%2Ftags&post=100109"}],"curies":[{"name":"wp","href":"https:\/\/api.w.org\/{rel}","templated":true}]}}